{"id":11389,"date":"2023-02-08T13:48:10","date_gmt":"2023-02-08T12:48:10","guid":{"rendered":"https:\/\/zyntern.com\/blog\/?p=11389"},"modified":"2023-11-17T13:19:08","modified_gmt":"2023-11-17T12:19:08","slug":"educatio-expo-hogyan-tovabb-erasmus","status":"publish","type":"post","link":"https:\/\/zyntern.com\/blog\/educatio-expo-hogyan-tovabb-erasmus\/","title":{"rendered":"Educatio Expo 2023: Forr\u00f3csokik \u00e9s lovak harca &#8211; Hogyan tov\u00e1bb Erasmus+?"},"content":{"rendered":"\n<p><strong>2023. janu\u00e1r 12\u201314. k\u00f6z\u00f6tt 23. alkalommal rendezt\u00e9k meg az Educatio Nemzetk\u00f6zi Oktat\u00e1si Szakki\u00e1ll\u00edt\u00e1st, ahov\u00e1 a Zyntern is kitelep\u00fclt. Csapatunk t\u00f6bb mint 400 fiatallal besz\u00e9lgetett p\u00e1lyaorient\u00e1ci\u00f3r\u00f3l, karrierrel kapcsolatos k\u00e9rd\u00e9sekr\u0151l, valamint a sz\u00e1mukra m\u00e1r most el\u00e9rhet\u0151 \u00e1ll\u00e1slehet\u0151s\u00e9gekr\u0151l. Persze kedvenc egyetemeinkkel is networkingelt\u00fcnk.&nbsp; De hogyan is zajlott pontosan a ki\u00e1ll\u00edt\u00e1s?<\/strong><\/p>\n\n\n\n<p>T\u00f6bb mint 50 ezer l\u00e1togat\u00f3val z\u00e1rult az idei <a href=\"https:\/\/www.educatioexpo.hu\/\" target=\"_blank\" rel=\"noreferrer noopener\">Educatio Expo<\/a>. A szakki\u00e1ll\u00edt\u00e1s c\u00e9lja elhozni egy helyre egy id\u0151ben a lehet\u0151 legt\u00f6bb lehet\u0151s\u00e9get, ami a fiatalokat az \u00e9retts\u00e9gi ut\u00e1n v\u00e1rhatja. Megsz\u00e1ml\u00e1lhatatlan magyar \u00e9s k\u00fclf\u00f6ldi egyetem, du\u00e1lis k\u00e9pz\u00e9sek, honv\u00e9delem \u00e9s \u00e1ll\u00e1slehet\u0151s\u00e9gek sokas\u00e1ga v\u00e1rta a k\u00edv\u00e1ncsiskod\u00f3kat.<\/p>\n\n\n\n<figure class=\"wp-block-image size-large\"><img fetchpriority=\"high\" width=\"1024\" height=\"680\" src=\"https:\/\/zyntern.com\/blog\/wp-content\/uploads\/2023\/02\/nyitokep-1024x680.jpg\" alt=\"t\u00f6meg az Educatio Expon\" class=\"wp-image-11394\" srcset=\"https:\/\/zyntern.com\/blog\/wp-content\/uploads\/2023\/02\/nyitokep-1024x680.jpg 1024w, https:\/\/zyntern.com\/blog\/wp-content\/uploads\/2023\/02\/nyitokep-300x199.jpg 300w, https:\/\/zyntern.com\/blog\/wp-content\/uploads\/2023\/02\/nyitokep-768x510.jpg 768w, https:\/\/zyntern.com\/blog\/wp-content\/uploads\/2023\/02\/nyitokep-1536x1020.jpg 1536w, https:\/\/zyntern.com\/blog\/wp-content\/uploads\/2023\/02\/nyitokep.jpg 1920w\" sizes=\"(max-width: 1024px) 100vw, 1024px\" \/><figcaption>forr\u00e1s: <a href=\"https:\/\/www.educatioexpo.hu\/\" target=\"_blank\" rel=\"noreferrer noopener\">https:\/\/www.educatioexpo.hu\/<\/a><\/figcaption><\/figure>\n\n\n\n<h2><strong>A Zyntern.com az Educatio Ki\u00e1ll\u00edt\u00e1son<\/strong><\/h2>\n\n\n\n<p>A Zyntern standj\u00e1n\u00e1l karrier- \u00e9s p\u00e1lyav\u00e1laszt\u00e1si tan\u00e1csokkal v\u00e1rtuk a fiatalokat. Az \u00e9rdekl\u0151d\u0151knek lehet\u0151s\u00e9ge ny\u00edlt regisztr\u00e1lni honlapunkra, ezen k\u00edv\u00fcl f\u00f6lszerelkezhettek a legmen\u0151bb Zynternes aj\u00e1nd\u00e9kainkb\u00f3l: repoharak, tornazs\u00e1kok \u00e9s s\u00f6rnyit\u00f3 \u2013 minden, ami egy leend\u0151 egyetemista sz\u00e1m\u00e1ra l\u00e9tsz\u00fcks\u00e9glet lehet.<\/p>\n\n\n\n<div class=\"wp-container-1 is-content-justification-center wp-block-buttons\">\n<div class=\"wp-block-button\"><a class=\"wp-block-button__link has-background\" href=\"https:\/\/zyntern.com\/student-registration\" style=\"background-color:#d60a53\" target=\"_blank\" rel=\"noreferrer noopener\"><strong>Nem tal\u00e1lkozt\u00e1l vel\u00fcnk? Kattints \u00e9s regisztr\u00e1lj m\u00e9g ma!<\/strong><\/a><\/div>\n<\/div>\n\n\n\n<h2><strong>A legizgalmasabb t\u00e9m\u00e1k, h\u00edrek \u00e9s programok<\/strong><\/h2>\n\n\n\n<p>Az Educatio idei nagy k\u00e9rd\u00e9se term\u00e9szetesen az Erasmus-k\u00e9rd\u00e9s volt: mely egyetemeken van m\u00e9g lehet\u0151s\u00e9g a kiutaz\u00e1sra, illetve az \u00e9rintett egyetemeken hogyan tervezik p\u00f3tolni ezt a lehet\u0151s\u00e9get.<\/p>\n\n\n\n<p>A ki\u00e1ll\u00edt\u00e1s t\u00f6bb nagyobb esem\u00e9nnyel is kecsegtetett: az els\u0151 napon bejelent\u00e9sre ker\u00fclt, hogy a <a href=\"https:\/\/hook.hu\/\" target=\"_blank\" rel=\"noreferrer noopener\">H\u00d6OK<\/a> (Hallgat\u00f3i \u00d6nkorm\u00e1nyzatok Orsz\u00e1gos Konferenci\u00e1ja) mellett a <a href=\"https:\/\/uni-pannon.hu\/hu\/\" target=\"_blank\" rel=\"noreferrer noopener\">Pannon Egyetem<\/a> lesz az idei <a href=\"https:\/\/www.facebook.com\/efott\/\" target=\"_blank\" rel=\"noreferrer noopener\">EFOTT Fesztiv\u00e1l<\/a> szervez\u0151je. Az EFOTT Fesztiv\u00e1l sz\u00e1munkra is nagy esem\u00e9ny, a<a href=\"https:\/\/zyntern.com\/blog\/61-indok-hogy-ellatogass-a-zyntern-efott-karrier-zonaba\/\"> Zyntern Karrier Z\u00f3na<\/a> \u00e9vek \u00f3ta a fesztiv\u00e1l r\u00e9sz\u00e9t k\u00e9pezi.<\/p>\n\n\n\n<p>Az egyik legl\u00e1tv\u00e1nyosabb esem\u00e9ny az <a href=\"https:\/\/univet.hu\/hu\/\" target=\"_blank\" rel=\"noreferrer noopener\">\u00c1llatorvostudom\u00e1nyi Egyetem<\/a> standj\u00e1hoz kapcsol\u00f3dott, akik szombaton egy l\u00f3val jelentek meg, ezzel is n\u00e9pszer\u0171s\u00edtve az egyetemet. Nem ritka, hogy ehhez hasonl\u00f3 interakt\u00edv elemekkel dobj\u00e1k fel az egyetemek standjaikat, eml\u00edt\u00e9sre m\u00e9lt\u00f3 m\u00e9g a <a href=\"https:\/\/uni-mate.hu\/\" target=\"_blank\" rel=\"noreferrer noopener\">MATE<\/a> forr\u00f3csoki g\u00e9pe, illetve a Pannon Egyetem mesters\u00e9ges intelligenci\u00e1val ell\u00e1tott robotja.<\/p>\n\n\n<div class=\"wp-block-image\">\n<figure class=\"aligncenter size-full is-resized\"><img src=\"https:\/\/zyntern.com\/blog\/wp-content\/uploads\/2023\/02\/268943742_493765161963266_1816976066529814532_n-1-edited.jpg\" alt=\"\u00c1llatorvosi Egyetem lova\" class=\"wp-image-11392\" width=\"492\" height=\"492\" srcset=\"https:\/\/zyntern.com\/blog\/wp-content\/uploads\/2023\/02\/268943742_493765161963266_1816976066529814532_n-1-edited.jpg 702w, https:\/\/zyntern.com\/blog\/wp-content\/uploads\/2023\/02\/268943742_493765161963266_1816976066529814532_n-1-edited-300x300.jpg 300w, https:\/\/zyntern.com\/blog\/wp-content\/uploads\/2023\/02\/268943742_493765161963266_1816976066529814532_n-1-edited-150x150.jpg 150w, https:\/\/zyntern.com\/blog\/wp-content\/uploads\/2023\/02\/268943742_493765161963266_1816976066529814532_n-1-edited-600x600.jpg 600w\" sizes=\"(max-width: 492px) 100vw, 492px\" \/><figcaption>forr\u00e1s: <a href=\"https:\/\/univet.hu\/hu\/2022\/01\/04\/educatio-nemzetkozi-oktatasi-szakkiallitas-2022\/\" target=\"_blank\" rel=\"noreferrer noopener\">\u00c1llatorvostudom\u00e1nyi Egyetem<\/a><\/figcaption><\/figure><\/div>\n\n\n<p>Abszol\u00fat sikeresnek k\u00f6nyvelhet\u0151 el az idei ki\u00e1ll\u00edt\u00e1s, mind a szervez\u0151k, mind a Zyntern szempontj\u00e1b\u00f3l, nemcsak az Educatio l\u00e1togat\u00f3sz\u00e1ma d\u0151lt meg, de a k\u00f6z\u00f6ss\u00e9g\u00fcnk is rengeteg \u00faj taggal gyarapodott \u00e9s siker\u00fclt sok emberhez eljuttatnunk a Zyntern hitvall\u00e1s\u00e1t \u00e9s izgalmasabbn\u00e1l izgalmasabb lehet\u0151s\u00e9geit.<\/p>\n\n\n\n<div class=\"wp-container-2 is-content-justification-center wp-block-buttons\">\n<div class=\"wp-block-button\"><a class=\"wp-block-button__link has-background\" href=\"https:\/\/zyntern.com\/jobs\" style=\"background-color:#d60a53\" target=\"_blank\" rel=\"noreferrer noopener\"><strong>Nyitott \u00e1ll\u00e1sok\u00e9rt kattints!<\/strong><\/a><\/div>\n<\/div>\n\n\n\n<p><strong>Ti kint voltatok id\u00e9n az Expon? Milyen tapasztalataitok voltak? \u00cdrj\u00e1tok meg nek\u00fcnk Facebookon vagy Instagramon, illetve csatlakozzatok ti is a Zyntern folyamatosan b\u0151v\u00fcl\u0151 k\u00f6z\u00f6ss\u00e9g\u00e9hez, hogy megtal\u00e1lhass\u00e1tok a hozz\u00e1tok legjobban passzol\u00f3 gyakornoki vagy p\u00e1lyakezd\u0151 \u00e1ll\u00e1st!<\/strong><\/p>\n","protected":false},"excerpt":{"rendered":"<p>2023. janu\u00e1r 12\u201314. k\u00f6z\u00f6tt 23. alkalommal rendezt\u00e9k meg az Educatio Nemzetk\u00f6zi Oktat\u00e1si Szakki\u00e1ll\u00edt\u00e1st, ahov\u00e1 a Zyntern is kitelep\u00fclt. Csapatunk t\u00f6bb mint 400 fiatallal besz\u00e9lgetett p\u00e1lyaorient\u00e1ci\u00f3r\u00f3l, karrierrel kapcsolatos k\u00e9rd\u00e9sekr\u0151l, valamint a sz\u00e1mukra m\u00e1r most el\u00e9rhet\u0151 \u00e1ll\u00e1slehet\u0151s\u00e9gekr\u0151l. Persze kedvenc egyetemeinkkel is networkingelt\u00fcnk.&nbsp; De hogyan is zajlott pontosan a ki\u00e1ll\u00edt\u00e1s? T\u00f6bb mint 50 ezer l\u00e1togat\u00f3val z\u00e1rult az idei [&hellip;]<\/p>\n","protected":false},"author":25,"featured_media":11397,"comment_status":"closed","ping_status":"closed","sticky":false,"template":"","format":"standard","meta":[],"categories":[47],"tags":[],"yoast_head":"<!-- This site is optimized with the Yoast SEO plugin v20.6 - https:\/\/yoast.com\/wordpress\/plugins\/seo\/ -->\n<title>Zyntern.com Blog Educatio 2023: Forr\u00f3csokik \u00e9s lovak harca<\/title>\n<meta name=\"description\" content=\"2023. janu\u00e1r 12\u201314. k\u00f6z\u00f6tt 23. alkalommal rendezt\u00e9k meg az Educatio Expo-t, ahov\u00e1 a Zyntern is kitelep\u00fclt. De hogyan zajlott a ki\u00e1ll\u00edt\u00e1s?\" \/>\n<meta name=\"robots\" content=\"index, follow, max-snippet:-1, max-image-preview:large, max-video-preview:-1\" \/>\n<link rel=\"canonical\" href=\"https:\/\/zyntern.com\/blog\/educatio-expo-hogyan-tovabb-erasmus\/\" \/>\n<meta property=\"og:locale\" content=\"hu_HU\" \/>\n<meta property=\"og:type\" content=\"article\" \/>\n<meta property=\"og:title\" content=\"Zyntern.com Blog Educatio 2023: Forr\u00f3csokik \u00e9s lovak harca\" \/>\n<meta property=\"og:description\" content=\"2023. janu\u00e1r 12\u201314. k\u00f6z\u00f6tt 23. alkalommal rendezt\u00e9k meg az Educatio Expo-t, ahov\u00e1 a Zyntern is kitelep\u00fclt. De hogyan zajlott a ki\u00e1ll\u00edt\u00e1s?\" \/>\n<meta property=\"og:url\" content=\"https:\/\/zyntern.com\/blog\/educatio-expo-hogyan-tovabb-erasmus\/\" \/>\n<meta property=\"og:site_name\" content=\"Zyntern.com Blog\" \/>\n<meta property=\"article:publisher\" content=\"https:\/\/www.facebook.com\/zyntern\" \/>\n<meta property=\"article:published_time\" content=\"2023-02-08T12:48:10+00:00\" \/>\n<meta property=\"article:modified_time\" content=\"2023-11-17T12:19:08+00:00\" \/>\n<meta property=\"og:image\" content=\"https:\/\/zyntern.com\/blog\/wp-content\/uploads\/2023\/02\/educatio.png\" \/>\n\t<meta property=\"og:image:width\" content=\"1080\" \/>\n\t<meta property=\"og:image:height\" content=\"1080\" \/>\n\t<meta property=\"og:image:type\" content=\"image\/png\" \/>\n<meta name=\"author\" content=\"Vad\u00e1sz Viola\" \/>\n<meta name=\"twitter:card\" content=\"summary_large_image\" \/>\n<meta name=\"twitter:label1\" content=\"Szerz\u0151:\" \/>\n\t<meta name=\"twitter:data1\" content=\"Vad\u00e1sz Viola\" \/>\n\t<meta name=\"twitter:label2\" content=\"Becs\u00fclt olvas\u00e1si id\u0151\" \/>\n\t<meta name=\"twitter:data2\" content=\"3 perc\" \/>\n<script type=\"application\/ld+json\" class=\"yoast-schema-graph\">{\"@context\":\"https:\/\/schema.org\",\"@graph\":[{\"@type\":\"Article\",\"@id\":\"https:\/\/zyntern.com\/blog\/educatio-expo-hogyan-tovabb-erasmus\/#article\",\"isPartOf\":{\"@id\":\"https:\/\/zyntern.com\/blog\/educatio-expo-hogyan-tovabb-erasmus\/\"},\"author\":{\"name\":\"Vad\u00e1sz Viola\",\"@id\":\"https:\/\/zyntern.com\/blog\/#\/schema\/person\/9be7473079f1927c75b3d87e79e6974e\"},\"headline\":\"Educatio Expo 2023: Forr\u00f3csokik \u00e9s lovak harca &#8211; Hogyan tov\u00e1bb Erasmus+?\",\"datePublished\":\"2023-02-08T12:48:10+00:00\",\"dateModified\":\"2023-11-17T12:19:08+00:00\",\"mainEntityOfPage\":{\"@id\":\"https:\/\/zyntern.com\/blog\/educatio-expo-hogyan-tovabb-erasmus\/\"},\"wordCount\":552,\"publisher\":{\"@id\":\"https:\/\/zyntern.com\/blog\/#organization\"},\"articleSection\":[\"Karriertippek P\u00e1lyakezd\u0151knek\"],\"inLanguage\":\"hu\"},{\"@type\":\"WebPage\",\"@id\":\"https:\/\/zyntern.com\/blog\/educatio-expo-hogyan-tovabb-erasmus\/\",\"url\":\"https:\/\/zyntern.com\/blog\/educatio-expo-hogyan-tovabb-erasmus\/\",\"name\":\"Zyntern.com Blog Educatio 2023: Forr\u00f3csokik \u00e9s lovak harca\",\"isPartOf\":{\"@id\":\"https:\/\/zyntern.com\/blog\/#website\"},\"datePublished\":\"2023-02-08T12:48:10+00:00\",\"dateModified\":\"2023-11-17T12:19:08+00:00\",\"description\":\"2023. janu\u00e1r 12\u201314. k\u00f6z\u00f6tt 23. alkalommal rendezt\u00e9k meg az Educatio Expo-t, ahov\u00e1 a Zyntern is kitelep\u00fclt. De hogyan zajlott a ki\u00e1ll\u00edt\u00e1s?\",\"breadcrumb\":{\"@id\":\"https:\/\/zyntern.com\/blog\/educatio-expo-hogyan-tovabb-erasmus\/#breadcrumb\"},\"inLanguage\":\"hu\",\"potentialAction\":[{\"@type\":\"ReadAction\",\"target\":[\"https:\/\/zyntern.com\/blog\/educatio-expo-hogyan-tovabb-erasmus\/\"]}]},{\"@type\":\"BreadcrumbList\",\"@id\":\"https:\/\/zyntern.com\/blog\/educatio-expo-hogyan-tovabb-erasmus\/#breadcrumb\",\"itemListElement\":[{\"@type\":\"ListItem\",\"position\":1,\"name\":\"Home\",\"item\":\"https:\/\/zyntern.com\/blog\/\"},{\"@type\":\"ListItem\",\"position\":2,\"name\":\"Educatio Expo 2023: Forr\u00f3csokik \u00e9s lovak harca &#8211; Hogyan tov\u00e1bb Erasmus+?\"}]},{\"@type\":\"WebSite\",\"@id\":\"https:\/\/zyntern.com\/blog\/#website\",\"url\":\"https:\/\/zyntern.com\/blog\/\",\"name\":\"Zyntern.com Blog\",\"description\":\"Tippek \u00e9s tr\u00fckk\u00f6k az \u00e1ll\u00e1skeres\u00e9sr\u00f3l minden p\u00e1lyakezd\u0151 sz\u00e1m\u00e1ra egyenesen a Zyntern.com szak\u00e9rt\u0151i csapat\u00e1t\u00f3l. K\u00e9sz\u00fclj fel vel\u00fcnk a karrierutadra!\",\"publisher\":{\"@id\":\"https:\/\/zyntern.com\/blog\/#organization\"},\"potentialAction\":[{\"@type\":\"SearchAction\",\"target\":{\"@type\":\"EntryPoint\",\"urlTemplate\":\"https:\/\/zyntern.com\/blog\/?s={search_term_string}\"},\"query-input\":\"required name=search_term_string\"}],\"inLanguage\":\"hu\"},{\"@type\":\"Organization\",\"@id\":\"https:\/\/zyntern.com\/blog\/#organization\",\"name\":\"Zyntern.com\",\"url\":\"https:\/\/zyntern.com\/blog\/\",\"logo\":{\"@type\":\"ImageObject\",\"inLanguage\":\"hu\",\"@id\":\"https:\/\/zyntern.com\/blog\/#\/schema\/logo\/image\/\",\"url\":\"https:\/\/zyntern.com\/blog\/wp-content\/uploads\/2020\/06\/ZY-BLOG-LOGO-U\u0301J-1.png\",\"contentUrl\":\"https:\/\/zyntern.com\/blog\/wp-content\/uploads\/2020\/06\/ZY-BLOG-LOGO-U\u0301J-1.png\",\"width\":1000,\"height\":300,\"caption\":\"Zyntern.com\"},\"image\":{\"@id\":\"https:\/\/zyntern.com\/blog\/#\/schema\/logo\/image\/\"},\"sameAs\":[\"https:\/\/www.facebook.com\/zyntern\",\"https:\/\/www.instagram.com\/z.y.ntern\/\",\"https:\/\/www.linkedin.com\/company\/zyntern\/\",\"https:\/\/www.youtube.com\/channel\/UCIzCOOufS8cD1x4em9BuI2g\"]},{\"@type\":\"Person\",\"@id\":\"https:\/\/zyntern.com\/blog\/#\/schema\/person\/9be7473079f1927c75b3d87e79e6974e\",\"name\":\"Vad\u00e1sz Viola\",\"url\":\"https:\/\/zyntern.com\/blog\/author\/vadasz-viola\/\"}]}<\/script>\n<!-- \/ Yoast SEO plugin. -->","yoast_head_json":{"title":"Zyntern.com Blog Educatio 2023: Forr\u00f3csokik \u00e9s lovak harca","description":"2023. janu\u00e1r 12\u201314. k\u00f6z\u00f6tt 23. alkalommal rendezt\u00e9k meg az Educatio Expo-t, ahov\u00e1 a Zyntern is kitelep\u00fclt. De hogyan zajlott a ki\u00e1ll\u00edt\u00e1s?","robots":{"index":"index","follow":"follow","max-snippet":"max-snippet:-1","max-image-preview":"max-image-preview:large","max-video-preview":"max-video-preview:-1"},"canonical":"https:\/\/zyntern.com\/blog\/educatio-expo-hogyan-tovabb-erasmus\/","og_locale":"hu_HU","og_type":"article","og_title":"Zyntern.com Blog Educatio 2023: Forr\u00f3csokik \u00e9s lovak harca","og_description":"2023. janu\u00e1r 12\u201314. k\u00f6z\u00f6tt 23. alkalommal rendezt\u00e9k meg az Educatio Expo-t, ahov\u00e1 a Zyntern is kitelep\u00fclt. De hogyan zajlott a ki\u00e1ll\u00edt\u00e1s?","og_url":"https:\/\/zyntern.com\/blog\/educatio-expo-hogyan-tovabb-erasmus\/","og_site_name":"Zyntern.com Blog","article_publisher":"https:\/\/www.facebook.com\/zyntern","article_published_time":"2023-02-08T12:48:10+00:00","article_modified_time":"2023-11-17T12:19:08+00:00","og_image":[{"width":1080,"height":1080,"url":"https:\/\/zyntern.com\/blog\/wp-content\/uploads\/2023\/02\/educatio.png","type":"image\/png"}],"author":"Vad\u00e1sz Viola","twitter_card":"summary_large_image","twitter_misc":{"Szerz\u0151:":"Vad\u00e1sz Viola","Becs\u00fclt olvas\u00e1si id\u0151":"3 perc"},"schema":{"@context":"https:\/\/schema.org","@graph":[{"@type":"Article","@id":"https:\/\/zyntern.com\/blog\/educatio-expo-hogyan-tovabb-erasmus\/#article","isPartOf":{"@id":"https:\/\/zyntern.com\/blog\/educatio-expo-hogyan-tovabb-erasmus\/"},"author":{"name":"Vad\u00e1sz Viola","@id":"https:\/\/zyntern.com\/blog\/#\/schema\/person\/9be7473079f1927c75b3d87e79e6974e"},"headline":"Educatio Expo 2023: Forr\u00f3csokik \u00e9s lovak harca &#8211; Hogyan tov\u00e1bb Erasmus+?","datePublished":"2023-02-08T12:48:10+00:00","dateModified":"2023-11-17T12:19:08+00:00","mainEntityOfPage":{"@id":"https:\/\/zyntern.com\/blog\/educatio-expo-hogyan-tovabb-erasmus\/"},"wordCount":552,"publisher":{"@id":"https:\/\/zyntern.com\/blog\/#organization"},"articleSection":["Karriertippek P\u00e1lyakezd\u0151knek"],"inLanguage":"hu"},{"@type":"WebPage","@id":"https:\/\/zyntern.com\/blog\/educatio-expo-hogyan-tovabb-erasmus\/","url":"https:\/\/zyntern.com\/blog\/educatio-expo-hogyan-tovabb-erasmus\/","name":"Zyntern.com Blog Educatio 2023: Forr\u00f3csokik \u00e9s lovak harca","isPartOf":{"@id":"https:\/\/zyntern.com\/blog\/#website"},"datePublished":"2023-02-08T12:48:10+00:00","dateModified":"2023-11-17T12:19:08+00:00","description":"2023. janu\u00e1r 12\u201314. k\u00f6z\u00f6tt 23. alkalommal rendezt\u00e9k meg az Educatio Expo-t, ahov\u00e1 a Zyntern is kitelep\u00fclt. De hogyan zajlott a ki\u00e1ll\u00edt\u00e1s?","breadcrumb":{"@id":"https:\/\/zyntern.com\/blog\/educatio-expo-hogyan-tovabb-erasmus\/#breadcrumb"},"inLanguage":"hu","potentialAction":[{"@type":"ReadAction","target":["https:\/\/zyntern.com\/blog\/educatio-expo-hogyan-tovabb-erasmus\/"]}]},{"@type":"BreadcrumbList","@id":"https:\/\/zyntern.com\/blog\/educatio-expo-hogyan-tovabb-erasmus\/#breadcrumb","itemListElement":[{"@type":"ListItem","position":1,"name":"Home","item":"https:\/\/zyntern.com\/blog\/"},{"@type":"ListItem","position":2,"name":"Educatio Expo 2023: Forr\u00f3csokik \u00e9s lovak harca &#8211; Hogyan tov\u00e1bb Erasmus+?"}]},{"@type":"WebSite","@id":"https:\/\/zyntern.com\/blog\/#website","url":"https:\/\/zyntern.com\/blog\/","name":"Zyntern.com Blog","description":"Tippek \u00e9s tr\u00fckk\u00f6k az \u00e1ll\u00e1skeres\u00e9sr\u00f3l minden p\u00e1lyakezd\u0151 sz\u00e1m\u00e1ra egyenesen a Zyntern.com szak\u00e9rt\u0151i csapat\u00e1t\u00f3l. K\u00e9sz\u00fclj fel vel\u00fcnk a karrierutadra!","publisher":{"@id":"https:\/\/zyntern.com\/blog\/#organization"},"potentialAction":[{"@type":"SearchAction","target":{"@type":"EntryPoint","urlTemplate":"https:\/\/zyntern.com\/blog\/?s={search_term_string}"},"query-input":"required name=search_term_string"}],"inLanguage":"hu"},{"@type":"Organization","@id":"https:\/\/zyntern.com\/blog\/#organization","name":"Zyntern.com","url":"https:\/\/zyntern.com\/blog\/","logo":{"@type":"ImageObject","inLanguage":"hu","@id":"https:\/\/zyntern.com\/blog\/#\/schema\/logo\/image\/","url":"https:\/\/zyntern.com\/blog\/wp-content\/uploads\/2020\/06\/ZY-BLOG-LOGO-U\u0301J-1.png","contentUrl":"https:\/\/zyntern.com\/blog\/wp-content\/uploads\/2020\/06\/ZY-BLOG-LOGO-U\u0301J-1.png","width":1000,"height":300,"caption":"Zyntern.com"},"image":{"@id":"https:\/\/zyntern.com\/blog\/#\/schema\/logo\/image\/"},"sameAs":["https:\/\/www.facebook.com\/zyntern","https:\/\/www.instagram.com\/z.y.ntern\/","https:\/\/www.linkedin.com\/company\/zyntern\/","https:\/\/www.youtube.com\/channel\/UCIzCOOufS8cD1x4em9BuI2g"]},{"@type":"Person","@id":"https:\/\/zyntern.com\/blog\/#\/schema\/person\/9be7473079f1927c75b3d87e79e6974e","name":"Vad\u00e1sz Viola","url":"https:\/\/zyntern.com\/blog\/author\/vadasz-viola\/"}]}},"_links":{"self":[{"href":"https:\/\/zyntern.com\/blog\/wp-json\/wp\/v2\/posts\/11389"}],"collection":[{"href":"https:\/\/zyntern.com\/blog\/wp-json\/wp\/v2\/posts"}],"about":[{"href":"https:\/\/zyntern.com\/blog\/wp-json\/wp\/v2\/types\/post"}],"author":[{"embeddable":true,"href":"https:\/\/zyntern.com\/blog\/wp-json\/wp\/v2\/users\/25"}],"replies":[{"embeddable":true,"href":"https:\/\/zyntern.com\/blog\/wp-json\/wp\/v2\/comments?post=11389"}],"version-history":[{"count":7,"href":"https:\/\/zyntern.com\/blog\/wp-json\/wp\/v2\/posts\/11389\/revisions"}],"predecessor-version":[{"id":11407,"href":"https:\/\/zyntern.com\/blog\/wp-json\/wp\/v2\/posts\/11389\/revisions\/11407"}],"wp:featuredmedia":[{"embeddable":true,"href":"https:\/\/zyntern.com\/blog\/wp-json\/wp\/v2\/media\/11397"}],"wp:attachment":[{"href":"https:\/\/zyntern.com\/blog\/wp-json\/wp\/v2\/media?parent=11389"}],"wp:term":[{"taxonomy":"category","embeddable":true,"href":"https:\/\/zyntern.com\/blog\/wp-json\/wp\/v2\/categories?post=11389"},{"taxonomy":"post_tag","embeddable":true,"href":"https:\/\/zyntern.com\/blog\/wp-json\/wp\/v2\/tags?post=11389"}],"curies":[{"name":"wp","href":"https:\/\/api.w.org\/{rel}","templated":true}]}}