{"id":11583,"date":"2023-05-12T12:54:12","date_gmt":"2023-05-12T11:54:12","guid":{"rendered":"https:\/\/zyntern.com\/blog\/?p=11583"},"modified":"2023-11-17T13:17:17","modified_gmt":"2023-11-17T12:17:17","slug":"inditsd-el-a-karriered-az-mbh-bank-start-programjaval","status":"publish","type":"post","link":"https:\/\/zyntern.com\/blog\/inditsd-el-a-karriered-az-mbh-bank-start-programjaval\/","title":{"rendered":"Ind\u00edtsd el a karriered az MBH Bank Start+ programj\u00e1val!\u00a0"},"content":{"rendered":"\n<h2>\u00c9rdekel a bankszektor \u00e9s olyan szakemberekt\u0151l szeretn\u00e9d ellesni egy hivat\u00e1s cs\u00ednj\u00e1t-b\u00ednj\u00e1t, akik val\u00f3ban a saj\u00e1t ismereteiket adj\u00e1k \u00e1t neked? Ha legal\u00e1bb az egyik k\u00e9rd\u00e9sre IGEN a v\u00e1laszod, akkor olvass tov\u00e1bb \u00e9s tudj meg t\u00f6bbet az MBH Bank START+ frissdiplom\u00e1s programj\u00e1r\u00f3l!<\/h2>\n\n\n\n<h3><strong>Mi\u00e9rt a START+?<\/strong><\/h3>\n\n\n\n<p>Az MBH Bank, h\u00e1rom nagy m\u00falt\u00fa bank egyes\u00fcl\u00e9s\u00e9vel a hazai bankszektor meghat\u00e1roz\u00f3 bankj\u00e1v\u00e1 \u00e9s munk\u00e1ltat\u00f3j\u00e1v\u00e1 v\u00e1lt. Id\u00e9n el\u0151sz\u00f6r ind\u00edtj\u00e1k el ut\u00e1np\u00f3tl\u00e1s-nevel\u00e9si projektj\u00fcket, ahol a legtehets\u00e9gesebb jelentkez\u0151k m\u00e1r a MBH Bank munkat\u00e1rsak\u00e9nt (alkalmazottjak\u00e9nt) kezdhetik meg a programot.<\/p>\n\n\n\n<p>Az MBH Bank karrier meetupj\u00e1n, a c\u00e9g szak\u00e9rt\u0151i, <strong>Fertig Bal\u00e1zs<\/strong> Toborz\u00e1si \u00e9s Onboarding Igazgat\u00f3, <strong>Boros Barbara<\/strong> \u00e9s <strong>Koczk\u00e1s Klaudia<\/strong> Junior toborz\u00e1si specialist\u00e1k\u00a0 t\u00f6bb mint 30 fiatal \u00e9rdekl\u0151d\u0151 el\u0151tt besz\u00e9ltek a projekt k\u00fcl\u00f6nlegess\u00e9g\u00e9r\u0151l, az elv\u00e1r\u00e1sokr\u00f3l,\u00a0 \u00e9s arr\u00f3l, hogy sz\u00e1mukra milyen egy igaz\u00e1n j\u00f3 jel\u00f6lt. Mindemellett bemutatt\u00e1k, hogy mit adhat a p\u00e1lyakezd\u0151knek egy ilyen projektben val\u00f3 r\u00e9szv\u00e9tel a karrierj\u00fck elind\u00edt\u00e1sa sor\u00e1n.\u00a0<\/p>\n\n\n\n<div class=\"wp-container-1 wp-block-buttons\">\n<div class=\"wp-block-button aligncenter\"><a class=\"wp-block-button__link has-background\" href=\"https:\/\/bit.ly\/45cyKUW\" style=\"background-color:#e10e66\" target=\"_blank\" rel=\"noreferrer noopener\">N\u00e9zd vissza a Facebook LIVE-ot!<\/a><\/div>\n<\/div>\n\n\n\n<p><strong>Fertig Bal\u00e1zs, Toborz\u00e1s \u00e9s Onboarding Igazgat\u00f3<\/strong> szerint ez\u00e9rt \u00e9ri meg csatlakozni a csapathoz:&nbsp;<\/p>\n\n\n\n<ul><li><strong>Lehet\u0151s\u00e9ged ny\u00edlik arra, hogy az orsz\u00e1g egyik legnagyobb p\u00e9nzint\u00e9zet\u00e9n\u00e9l kezdhesd el a p\u00e1lyafut\u00e1sodat.<\/strong><\/li><li><strong>T\u00f6bb \u00fczleti ter\u00fcleten is kipr\u00f3b\u00e1lhatod magad.&nbsp;<\/strong><\/li><li><strong>Negyed\u00e9vente a c\u00e9g top vezet\u0151i \u00e9rt\u00e9kelik munk\u00e1dat.&nbsp;<\/strong><\/li><li><strong>Minden sz\u00fcks\u00e9ges munkaeszk\u00f6zzel, lehet\u0151s\u00e9ggel ell\u00e1tunk, a c\u00e9ges telefonr\u00f3l a hibrid munkav\u00e9gz\u00e9sig.&nbsp;<\/strong><\/li><li><strong>Versenyk\u00e9pes juttat\u00e1si csomaggal honor\u00e1ljuk a munk\u00e1dat: cafet\u00e9ria, egy\u00e9ni k\u00e9pz\u00e9sek, \u00e9s m\u00e9g az \u00f6sszes k\u00f6z\u00f6ss\u00e9gi programban is sz\u00e1m\u00edtunk r\u00e1d! Ja \u00e9s munk\u00e1dat elismerj\u00fck, \u00e9rt\u00e9kelj\u00fck \u00e9s ak\u00e1r negyed\u00e9vente fizet\u00e9semel\u00e9ssel honor\u00e1ljuk!<\/strong><\/li><\/ul>\n\n\n\n<p>Bal\u00e1zs kiemelte, hogy a program v\u00e9g\u00e9n k\u00f6lcs\u00f6n\u00f6s el\u00e9gedetts\u00e9g eset\u00e9n teljes munkaid\u0151s \u00e1ll\u00e1st aj\u00e1nlanak a fiataloknak!&nbsp;<\/p>\n\n\n\n<h3><strong>Hogyan lehetek START+ csapattag?<\/strong><\/h3>\n\n\n\n<p><strong>Boros Barbara, Junior toborz\u00e1si specialista<\/strong> el\u00e1rulta, hogy \u201c<em>a programba olyan fiatal jelentkez\u0151ket v\u00e1runk, akik 2021 decembere \u00f3ta vagy legk\u00e9s\u0151bb 2023 j\u00falius\u00e1ig v\u00e9geztek \/ v\u00e9geznek <strong>p\u00e9nz\u00fcgyi, gazdas\u00e1gi, jogi \u00e9s b\u00f6lcs\u00e9sz szakter\u00fcleten<\/strong>.\u201d<\/em><\/p>\n\n\n\n<p><strong>Koczk\u00e1s Klaudia, Junior toborz\u00e1si specialista<\/strong> szerint, a 3 legfontosabb skill, amit figyel a jelentkez\u0151kn\u00e9l, <strong>a nyitotts\u00e1g, a j\u00f3 kommunik\u00e1ci\u00f3s k\u00e9pess\u00e9g \u00e9s a talpraesetts\u00e9g<\/strong>. A koll\u00e9g\u00e1i m\u00e9g hozz\u00e1tett\u00e9k, hogy <em>\u201cakkor lesz valaki igaz\u00e1n j\u00f3 jel\u00f6lt, ha l\u00e1tjuk rajta a tud\u00e1s ir\u00e1nti \u00e9s tanul\u00e1si v\u00e1gyat \u00e9s \u00fagy \u00e9rezz\u00fck, hogy a jelentkez\u0151 nem csak k\u00e9pes, de szeret is csapatban dolgozni.\u201d<\/em><\/p>\n\n\n\n<h3><strong>\u00c9n vagyok a megfelel\u0151 jel\u00f6lt!<\/strong><\/h3>\n\n\n\n<p>A START+ programra <strong>2023. m\u00e1jus 14-ig<\/strong> v\u00e1rj\u00e1k a jelentkez\u0151ket! A jelentkez\u00e9s \u00e9s kiv\u00e1laszt\u00e1s pontos folyamat\u00e1r\u00f3l az MBH Bank karrier oldal\u00e1n olvashatsz b\u0151vebb inform\u00e1ci\u00f3kat:<\/p>\n\n\n\n<div class=\"wp-container-2 is-content-justification-center wp-block-buttons\">\n<div class=\"wp-block-button\"><a class=\"wp-block-button__link has-background\" href=\"https:\/\/zyntern.com\/job\/17456-start-frissdiplomas-program\" style=\"background-color:#e10e66\" target=\"_blank\" rel=\"noreferrer noopener\">Kattints az \u00e1ll\u00e1shirdet\u00e9s\u00e9rt!<\/a><\/div>\n<\/div>\n\n\n\n<p>Ne habozz tov\u00e1bb, ha szeretn\u00e9l a karrieredben el\u0151re jutni, \u00e9s magasabb szintre emelni a tud\u00e1sodat \u00e9s a k\u00e9pess\u00e9geidet, akkor az MBH Bank START+ programja a legjobb v\u00e1laszt\u00e1s sz\u00e1modra. Jelentkezz m\u00e9g ma, \u00e9s l\u00e9pj egy \u00faj szintre karrieredben!!<\/p>\n\n\n\n<div class=\"wp-container-3 wp-block-buttons\">\n<div class=\"wp-block-button aligncenter\"><a class=\"wp-block-button__link has-background\" href=\"https:\/\/bit.ly\/3I7rfEI\" style=\"background-color:#e10e66\" target=\"_blank\" rel=\"noreferrer noopener\">Csekkold le az MBH \u00f6sszes nyitott poz\u00edci\u00f3j\u00e1t!<\/a><\/div>\n<\/div>\n\n\n\n<h2 class=\"has-text-align-center\"><strong>Vigy\u00e1zz, k\u00e9sz, START+!<\/strong><\/h2>\n","protected":false},"excerpt":{"rendered":"<p>\u00c9rdekel a bankszektor \u00e9s olyan szakemberekt\u0151l szeretn\u00e9d ellesni egy hivat\u00e1s cs\u00ednj\u00e1t-b\u00ednj\u00e1t, akik val\u00f3ban a saj\u00e1t ismereteiket adj\u00e1k \u00e1t neked? Ha legal\u00e1bb az egyik k\u00e9rd\u00e9sre IGEN a v\u00e1laszod, akkor olvass tov\u00e1bb \u00e9s tudj meg t\u00f6bbet az MBH Bank START+ frissdiplom\u00e1s programj\u00e1r\u00f3l! Mi\u00e9rt a START+? Az MBH Bank, h\u00e1rom nagy m\u00falt\u00fa bank egyes\u00fcl\u00e9s\u00e9vel a hazai bankszektor meghat\u00e1roz\u00f3 [&hellip;]<\/p>\n","protected":false},"author":25,"featured_media":11584,"comment_status":"closed","ping_status":"closed","sticky":false,"template":"","format":"standard","meta":[],"categories":[69],"tags":[],"yoast_head":"<!-- This site is optimized with the Yoast SEO plugin v20.6 - https:\/\/yoast.com\/wordpress\/plugins\/seo\/ -->\n<title>Ind\u00edtsd el a karriered az MBH Bank Start+ programj\u00e1val!<\/title>\n<meta name=\"description\" content=\"\u00c9rdekel a bankszektor \u00e9s olyan szakemberekt\u0151l szeretn\u00e9d ellesni egy hivat\u00e1s cs\u00ednj\u00e1t-b\u00ednj\u00e1t, akik val\u00f3ban a saj\u00e1t ismereteiket adj\u00e1k \u00e1t neked? Olvass tov\u00e1bb \u00e9s tudj meg t\u00f6bbet az MBH Bank START+ frissdiplom\u00e1s programj\u00e1r\u00f3l!\" \/>\n<meta name=\"robots\" content=\"index, follow, max-snippet:-1, max-image-preview:large, max-video-preview:-1\" \/>\n<link rel=\"canonical\" href=\"https:\/\/zyntern.com\/blog\/inditsd-el-a-karriered-az-mbh-bank-start-programjaval\/\" \/>\n<meta property=\"og:locale\" content=\"hu_HU\" \/>\n<meta property=\"og:type\" content=\"article\" \/>\n<meta property=\"og:title\" content=\"Ind\u00edtsd el a karriered az MBH Bank Start+ programj\u00e1val!\" \/>\n<meta property=\"og:description\" content=\"\u00c9rdekel a bankszektor \u00e9s olyan szakemberekt\u0151l szeretn\u00e9d ellesni egy hivat\u00e1s cs\u00ednj\u00e1t-b\u00ednj\u00e1t, akik val\u00f3ban a saj\u00e1t ismereteiket adj\u00e1k \u00e1t neked? Olvass tov\u00e1bb \u00e9s tudj meg t\u00f6bbet az MBH Bank START+ frissdiplom\u00e1s programj\u00e1r\u00f3l!\" \/>\n<meta property=\"og:url\" content=\"https:\/\/zyntern.com\/blog\/inditsd-el-a-karriered-az-mbh-bank-start-programjaval\/\" \/>\n<meta property=\"og:site_name\" content=\"Zyntern.com Blog\" \/>\n<meta property=\"article:publisher\" content=\"https:\/\/www.facebook.com\/zyntern\" \/>\n<meta property=\"article:published_time\" content=\"2023-05-12T11:54:12+00:00\" \/>\n<meta property=\"article:modified_time\" content=\"2023-11-17T12:17:17+00:00\" \/>\n<meta property=\"og:image\" content=\"https:\/\/zyntern.com\/blog\/wp-content\/uploads\/2023\/05\/MBH-blogposzt.png\" \/>\n\t<meta property=\"og:image:width\" content=\"1080\" \/>\n\t<meta property=\"og:image:height\" content=\"1080\" \/>\n\t<meta property=\"og:image:type\" content=\"image\/png\" \/>\n<meta name=\"author\" content=\"Vad\u00e1sz Viola\" \/>\n<meta name=\"twitter:card\" content=\"summary_large_image\" \/>\n<meta name=\"twitter:label1\" content=\"Szerz\u0151:\" \/>\n\t<meta name=\"twitter:data1\" content=\"Vad\u00e1sz Viola\" \/>\n\t<meta name=\"twitter:label2\" content=\"Becs\u00fclt olvas\u00e1si id\u0151\" \/>\n\t<meta name=\"twitter:data2\" content=\"3 perc\" \/>\n<script type=\"application\/ld+json\" class=\"yoast-schema-graph\">{\"@context\":\"https:\/\/schema.org\",\"@graph\":[{\"@type\":\"Article\",\"@id\":\"https:\/\/zyntern.com\/blog\/inditsd-el-a-karriered-az-mbh-bank-start-programjaval\/#article\",\"isPartOf\":{\"@id\":\"https:\/\/zyntern.com\/blog\/inditsd-el-a-karriered-az-mbh-bank-start-programjaval\/\"},\"author\":{\"name\":\"Vad\u00e1sz Viola\",\"@id\":\"https:\/\/zyntern.com\/blog\/#\/schema\/person\/9be7473079f1927c75b3d87e79e6974e\"},\"headline\":\"Ind\u00edtsd el a karriered az MBH Bank Start+ programj\u00e1val!\u00a0\",\"datePublished\":\"2023-05-12T11:54:12+00:00\",\"dateModified\":\"2023-11-17T12:17:17+00:00\",\"mainEntityOfPage\":{\"@id\":\"https:\/\/zyntern.com\/blog\/inditsd-el-a-karriered-az-mbh-bank-start-programjaval\/\"},\"wordCount\":638,\"publisher\":{\"@id\":\"https:\/\/zyntern.com\/blog\/#organization\"},\"articleSection\":[\"[X] PR\"],\"inLanguage\":\"hu\"},{\"@type\":\"WebPage\",\"@id\":\"https:\/\/zyntern.com\/blog\/inditsd-el-a-karriered-az-mbh-bank-start-programjaval\/\",\"url\":\"https:\/\/zyntern.com\/blog\/inditsd-el-a-karriered-az-mbh-bank-start-programjaval\/\",\"name\":\"Ind\u00edtsd el a karriered az MBH Bank Start+ programj\u00e1val!\",\"isPartOf\":{\"@id\":\"https:\/\/zyntern.com\/blog\/#website\"},\"datePublished\":\"2023-05-12T11:54:12+00:00\",\"dateModified\":\"2023-11-17T12:17:17+00:00\",\"description\":\"\u00c9rdekel a bankszektor \u00e9s olyan szakemberekt\u0151l szeretn\u00e9d ellesni egy hivat\u00e1s cs\u00ednj\u00e1t-b\u00ednj\u00e1t, akik val\u00f3ban a saj\u00e1t ismereteiket adj\u00e1k \u00e1t neked? Olvass tov\u00e1bb \u00e9s tudj meg t\u00f6bbet az MBH Bank START+ frissdiplom\u00e1s programj\u00e1r\u00f3l!\",\"breadcrumb\":{\"@id\":\"https:\/\/zyntern.com\/blog\/inditsd-el-a-karriered-az-mbh-bank-start-programjaval\/#breadcrumb\"},\"inLanguage\":\"hu\",\"potentialAction\":[{\"@type\":\"ReadAction\",\"target\":[\"https:\/\/zyntern.com\/blog\/inditsd-el-a-karriered-az-mbh-bank-start-programjaval\/\"]}]},{\"@type\":\"BreadcrumbList\",\"@id\":\"https:\/\/zyntern.com\/blog\/inditsd-el-a-karriered-az-mbh-bank-start-programjaval\/#breadcrumb\",\"itemListElement\":[{\"@type\":\"ListItem\",\"position\":1,\"name\":\"Home\",\"item\":\"https:\/\/zyntern.com\/blog\/\"},{\"@type\":\"ListItem\",\"position\":2,\"name\":\"Ind\u00edtsd el a karriered az MBH Bank Start+ programj\u00e1val!\u00a0\"}]},{\"@type\":\"WebSite\",\"@id\":\"https:\/\/zyntern.com\/blog\/#website\",\"url\":\"https:\/\/zyntern.com\/blog\/\",\"name\":\"Zyntern.com Blog\",\"description\":\"Tippek \u00e9s tr\u00fckk\u00f6k az \u00e1ll\u00e1skeres\u00e9sr\u00f3l minden p\u00e1lyakezd\u0151 sz\u00e1m\u00e1ra egyenesen a Zyntern.com szak\u00e9rt\u0151i csapat\u00e1t\u00f3l. K\u00e9sz\u00fclj fel vel\u00fcnk a karrierutadra!\",\"publisher\":{\"@id\":\"https:\/\/zyntern.com\/blog\/#organization\"},\"potentialAction\":[{\"@type\":\"SearchAction\",\"target\":{\"@type\":\"EntryPoint\",\"urlTemplate\":\"https:\/\/zyntern.com\/blog\/?s={search_term_string}\"},\"query-input\":\"required name=search_term_string\"}],\"inLanguage\":\"hu\"},{\"@type\":\"Organization\",\"@id\":\"https:\/\/zyntern.com\/blog\/#organization\",\"name\":\"Zyntern.com\",\"url\":\"https:\/\/zyntern.com\/blog\/\",\"logo\":{\"@type\":\"ImageObject\",\"inLanguage\":\"hu\",\"@id\":\"https:\/\/zyntern.com\/blog\/#\/schema\/logo\/image\/\",\"url\":\"https:\/\/zyntern.com\/blog\/wp-content\/uploads\/2020\/06\/ZY-BLOG-LOGO-U\u0301J-1.png\",\"contentUrl\":\"https:\/\/zyntern.com\/blog\/wp-content\/uploads\/2020\/06\/ZY-BLOG-LOGO-U\u0301J-1.png\",\"width\":1000,\"height\":300,\"caption\":\"Zyntern.com\"},\"image\":{\"@id\":\"https:\/\/zyntern.com\/blog\/#\/schema\/logo\/image\/\"},\"sameAs\":[\"https:\/\/www.facebook.com\/zyntern\",\"https:\/\/www.instagram.com\/z.y.ntern\/\",\"https:\/\/www.linkedin.com\/company\/zyntern\/\",\"https:\/\/www.youtube.com\/channel\/UCIzCOOufS8cD1x4em9BuI2g\"]},{\"@type\":\"Person\",\"@id\":\"https:\/\/zyntern.com\/blog\/#\/schema\/person\/9be7473079f1927c75b3d87e79e6974e\",\"name\":\"Vad\u00e1sz Viola\",\"url\":\"https:\/\/zyntern.com\/blog\/author\/vadasz-viola\/\"}]}<\/script>\n<!-- \/ Yoast SEO plugin. -->","yoast_head_json":{"title":"Ind\u00edtsd el a karriered az MBH Bank Start+ programj\u00e1val!","description":"\u00c9rdekel a bankszektor \u00e9s olyan szakemberekt\u0151l szeretn\u00e9d ellesni egy hivat\u00e1s cs\u00ednj\u00e1t-b\u00ednj\u00e1t, akik val\u00f3ban a saj\u00e1t ismereteiket adj\u00e1k \u00e1t neked? Olvass tov\u00e1bb \u00e9s tudj meg t\u00f6bbet az MBH Bank START+ frissdiplom\u00e1s programj\u00e1r\u00f3l!","robots":{"index":"index","follow":"follow","max-snippet":"max-snippet:-1","max-image-preview":"max-image-preview:large","max-video-preview":"max-video-preview:-1"},"canonical":"https:\/\/zyntern.com\/blog\/inditsd-el-a-karriered-az-mbh-bank-start-programjaval\/","og_locale":"hu_HU","og_type":"article","og_title":"Ind\u00edtsd el a karriered az MBH Bank Start+ programj\u00e1val!","og_description":"\u00c9rdekel a bankszektor \u00e9s olyan szakemberekt\u0151l szeretn\u00e9d ellesni egy hivat\u00e1s cs\u00ednj\u00e1t-b\u00ednj\u00e1t, akik val\u00f3ban a saj\u00e1t ismereteiket adj\u00e1k \u00e1t neked? Olvass tov\u00e1bb \u00e9s tudj meg t\u00f6bbet az MBH Bank START+ frissdiplom\u00e1s programj\u00e1r\u00f3l!","og_url":"https:\/\/zyntern.com\/blog\/inditsd-el-a-karriered-az-mbh-bank-start-programjaval\/","og_site_name":"Zyntern.com Blog","article_publisher":"https:\/\/www.facebook.com\/zyntern","article_published_time":"2023-05-12T11:54:12+00:00","article_modified_time":"2023-11-17T12:17:17+00:00","og_image":[{"width":1080,"height":1080,"url":"https:\/\/zyntern.com\/blog\/wp-content\/uploads\/2023\/05\/MBH-blogposzt.png","type":"image\/png"}],"author":"Vad\u00e1sz Viola","twitter_card":"summary_large_image","twitter_misc":{"Szerz\u0151:":"Vad\u00e1sz Viola","Becs\u00fclt olvas\u00e1si id\u0151":"3 perc"},"schema":{"@context":"https:\/\/schema.org","@graph":[{"@type":"Article","@id":"https:\/\/zyntern.com\/blog\/inditsd-el-a-karriered-az-mbh-bank-start-programjaval\/#article","isPartOf":{"@id":"https:\/\/zyntern.com\/blog\/inditsd-el-a-karriered-az-mbh-bank-start-programjaval\/"},"author":{"name":"Vad\u00e1sz Viola","@id":"https:\/\/zyntern.com\/blog\/#\/schema\/person\/9be7473079f1927c75b3d87e79e6974e"},"headline":"Ind\u00edtsd el a karriered az MBH Bank Start+ programj\u00e1val!\u00a0","datePublished":"2023-05-12T11:54:12+00:00","dateModified":"2023-11-17T12:17:17+00:00","mainEntityOfPage":{"@id":"https:\/\/zyntern.com\/blog\/inditsd-el-a-karriered-az-mbh-bank-start-programjaval\/"},"wordCount":638,"publisher":{"@id":"https:\/\/zyntern.com\/blog\/#organization"},"articleSection":["[X] PR"],"inLanguage":"hu"},{"@type":"WebPage","@id":"https:\/\/zyntern.com\/blog\/inditsd-el-a-karriered-az-mbh-bank-start-programjaval\/","url":"https:\/\/zyntern.com\/blog\/inditsd-el-a-karriered-az-mbh-bank-start-programjaval\/","name":"Ind\u00edtsd el a karriered az MBH Bank Start+ programj\u00e1val!","isPartOf":{"@id":"https:\/\/zyntern.com\/blog\/#website"},"datePublished":"2023-05-12T11:54:12+00:00","dateModified":"2023-11-17T12:17:17+00:00","description":"\u00c9rdekel a bankszektor \u00e9s olyan szakemberekt\u0151l szeretn\u00e9d ellesni egy hivat\u00e1s cs\u00ednj\u00e1t-b\u00ednj\u00e1t, akik val\u00f3ban a saj\u00e1t ismereteiket adj\u00e1k \u00e1t neked? Olvass tov\u00e1bb \u00e9s tudj meg t\u00f6bbet az MBH Bank START+ frissdiplom\u00e1s programj\u00e1r\u00f3l!","breadcrumb":{"@id":"https:\/\/zyntern.com\/blog\/inditsd-el-a-karriered-az-mbh-bank-start-programjaval\/#breadcrumb"},"inLanguage":"hu","potentialAction":[{"@type":"ReadAction","target":["https:\/\/zyntern.com\/blog\/inditsd-el-a-karriered-az-mbh-bank-start-programjaval\/"]}]},{"@type":"BreadcrumbList","@id":"https:\/\/zyntern.com\/blog\/inditsd-el-a-karriered-az-mbh-bank-start-programjaval\/#breadcrumb","itemListElement":[{"@type":"ListItem","position":1,"name":"Home","item":"https:\/\/zyntern.com\/blog\/"},{"@type":"ListItem","position":2,"name":"Ind\u00edtsd el a karriered az MBH Bank Start+ programj\u00e1val!\u00a0"}]},{"@type":"WebSite","@id":"https:\/\/zyntern.com\/blog\/#website","url":"https:\/\/zyntern.com\/blog\/","name":"Zyntern.com Blog","description":"Tippek \u00e9s tr\u00fckk\u00f6k az \u00e1ll\u00e1skeres\u00e9sr\u00f3l minden p\u00e1lyakezd\u0151 sz\u00e1m\u00e1ra egyenesen a Zyntern.com szak\u00e9rt\u0151i csapat\u00e1t\u00f3l. K\u00e9sz\u00fclj fel vel\u00fcnk a karrierutadra!","publisher":{"@id":"https:\/\/zyntern.com\/blog\/#organization"},"potentialAction":[{"@type":"SearchAction","target":{"@type":"EntryPoint","urlTemplate":"https:\/\/zyntern.com\/blog\/?s={search_term_string}"},"query-input":"required name=search_term_string"}],"inLanguage":"hu"},{"@type":"Organization","@id":"https:\/\/zyntern.com\/blog\/#organization","name":"Zyntern.com","url":"https:\/\/zyntern.com\/blog\/","logo":{"@type":"ImageObject","inLanguage":"hu","@id":"https:\/\/zyntern.com\/blog\/#\/schema\/logo\/image\/","url":"https:\/\/zyntern.com\/blog\/wp-content\/uploads\/2020\/06\/ZY-BLOG-LOGO-U\u0301J-1.png","contentUrl":"https:\/\/zyntern.com\/blog\/wp-content\/uploads\/2020\/06\/ZY-BLOG-LOGO-U\u0301J-1.png","width":1000,"height":300,"caption":"Zyntern.com"},"image":{"@id":"https:\/\/zyntern.com\/blog\/#\/schema\/logo\/image\/"},"sameAs":["https:\/\/www.facebook.com\/zyntern","https:\/\/www.instagram.com\/z.y.ntern\/","https:\/\/www.linkedin.com\/company\/zyntern\/","https:\/\/www.youtube.com\/channel\/UCIzCOOufS8cD1x4em9BuI2g"]},{"@type":"Person","@id":"https:\/\/zyntern.com\/blog\/#\/schema\/person\/9be7473079f1927c75b3d87e79e6974e","name":"Vad\u00e1sz Viola","url":"https:\/\/zyntern.com\/blog\/author\/vadasz-viola\/"}]}},"_links":{"self":[{"href":"https:\/\/zyntern.com\/blog\/wp-json\/wp\/v2\/posts\/11583"}],"collection":[{"href":"https:\/\/zyntern.com\/blog\/wp-json\/wp\/v2\/posts"}],"about":[{"href":"https:\/\/zyntern.com\/blog\/wp-json\/wp\/v2\/types\/post"}],"author":[{"embeddable":true,"href":"https:\/\/zyntern.com\/blog\/wp-json\/wp\/v2\/users\/25"}],"replies":[{"embeddable":true,"href":"https:\/\/zyntern.com\/blog\/wp-json\/wp\/v2\/comments?post=11583"}],"version-history":[{"count":2,"href":"https:\/\/zyntern.com\/blog\/wp-json\/wp\/v2\/posts\/11583\/revisions"}],"predecessor-version":[{"id":11728,"href":"https:\/\/zyntern.com\/blog\/wp-json\/wp\/v2\/posts\/11583\/revisions\/11728"}],"wp:featuredmedia":[{"embeddable":true,"href":"https:\/\/zyntern.com\/blog\/wp-json\/wp\/v2\/media\/11584"}],"wp:attachment":[{"href":"https:\/\/zyntern.com\/blog\/wp-json\/wp\/v2\/media?parent=11583"}],"wp:term":[{"taxonomy":"category","embeddable":true,"href":"https:\/\/zyntern.com\/blog\/wp-json\/wp\/v2\/categories?post=11583"},{"taxonomy":"post_tag","embeddable":true,"href":"https:\/\/zyntern.com\/blog\/wp-json\/wp\/v2\/tags?post=11583"}],"curies":[{"name":"wp","href":"https:\/\/api.w.org\/{rel}","templated":true}]}}