{"id":13580,"date":"2023-09-20T15:35:24","date_gmt":"2023-09-20T14:35:24","guid":{"rendered":"https:\/\/zyntern.com\/blog\/?p=13580"},"modified":"2023-11-17T13:13:20","modified_gmt":"2023-11-17T12:13:20","slug":"gyakornokkent-a-telekomnal","status":"publish","type":"post","link":"https:\/\/zyntern.com\/blog\/gyakornokkent-a-telekomnal\/","title":{"rendered":"Gyakornokk\u00e9nt a Telekomn\u00e1l? M\u00e9g sz\u00e9p!"},"content":{"rendered":"\n<h1><strong>M\u00e1ty\u00e1s G\u00e1bor k\u00f6zel k\u00e9t \u00e9ve csatlakozott a Magyar Telekomhoz H\u00e1l\u00f3zati m\u00e9rn\u00f6k gyakornokk\u00e9nt, teh\u00e1t gyakornoki viszonylatban m\u00e1r b\u0151ven szeniornak tekinthet\u0151. Egy ambici\u00f3zus fiatal, aki pontosan \u00e9rti, hogy a gyakornoki tapasztalatszerz\u00e9s miben j\u00e1rul hozz\u00e1 a sikeres szakmai p\u00e1lyafut\u00e1s\u00e1hoz, \u00e9s ezt minden el\u0151ny\u00e9vel ki\u00e9lvezi.<\/strong> <strong>Olvass tov\u00e1bb a tapasztalatair\u00f3l!<\/strong><\/h1>\n\n\n\n<h3><strong>Mit tanulsz jelenleg \u00e9s milyen munkak\u00f6rben dolgozol a Magyar Telekomn\u00e1l?<\/strong><\/h3>\n\n\n\n<p>2021 \u0151sz\u00e9n kezdtem H\u00e1l\u00f3zati m\u00e9rn\u00f6k gyakornok poz\u00edci\u00f3ban, ezzel p\u00e1rhuzamosan a BME-n Villamosm\u00e9rn\u00f6k alapszakon tanulok Infokommunik\u00e1ci\u00f3s szakir\u00e1nyon. Mivel a h\u00e1l\u00f3zati ter\u00fclet \u00e9rdekel, \u00e9s ezzel szeretn\u00e9k foglalkozni hossz\u00fa t\u00e1von, ez\u00e9rt a Telekom j\u00f3l passzolt az elk\u00e9pzel\u00e9semhez.<\/p>\n\n\n\n<h3><strong>Milyen feladataid vannak, \u00e9s ezek mennyi kih\u00edv\u00e1st jelentenek sz\u00e1modra szakmailag?<\/strong><\/h3>\n\n\n\n<p>Van t\u00f6bb egyszer\u0171 feladatom, amik heti rendszeress\u00e9ggel el\u0151j\u00f6nnek, ilyen p\u00e9ld\u00e1ul a leszerelt eszk\u00f6z\u00f6k kitakar\u00edt\u00e1sa az \u00e9l\u0151 h\u00e1l\u00f3zatb\u00f3l, erre f\u0151k\u00e9nt er\u0151forr\u00e1s felszabad\u00edt\u00e1s szempontj\u00e1b\u00f3l van sz\u00fcks\u00e9g. A m\u00e1sik ilyen az eszk\u00f6z\u00f6k l\u00e9tes\u00edt\u00e9se, csak ez az el\u0151z\u0151nek \u00e9pp az ellenkez\u0151je, itt az \u00e9l\u0151 h\u00e1l\u00f3zatba bekonfigur\u00e1lok egy eszk\u00f6zt, ami internet-, IPTV-, \u00e9s hangszolg\u00e1ltat\u00e1st ny\u00fajt az \u00fcgyfeleinknek. \u00c9n a feladat szoftveres r\u00e9sz\u00e9t v\u00e9gzem, m\u00edg a fizikai megval\u00f3s\u00edt\u00e1s\u00e1t a technikus koll\u00e9g\u00e1k l\u00e1tj\u00e1k el a helysz\u00ednen. Ami nagyobb kih\u00edv\u00e1st szokott jelenteni, az a migr\u00e1ci\u00f3, ilyenkor \u00e1ltal\u00e1ban egy leszerel\u00e9sre sz\u00e1nt eszk\u00f6z\u00f6n l\u00e9v\u0151 szolg\u00e1ltat\u00e1sokat kell \u00e1tmozgatni egy m\u00e1sik eszk\u00f6zre, vagy van, amikor csak kapacit\u00e1s felszabad\u00edt\u00e1s miatt van erre sz\u00fcks\u00e9g. Az adja sz\u00e1momra a neh\u00e9zs\u00e9get, hogy ezeken az eszk\u00f6z\u00f6k\u00f6n \u00e1ltal\u00e1ban elt\u00e9r\u0151 szoftver fut, m\u00e1s nyelven \u00e9rtenek, amire a konfigur\u00e1l\u00e1sn\u00e1l oda kell figyelni.<\/p>\n\n\n\n<h3><strong>Hogyan t\u00e1mogat ebben a csapatod, \u00e9s mivel j\u00e1rulnak hozz\u00e1 a fejl\u0151d\u00e9sedhez?<\/strong><\/h3>\n\n\n\n<p>A t\u00e1mogat\u00e1s mindig megvan, mert mindenki nagyon seg\u00edt\u0151k\u00e9sz. Van egy bizonyos &#8216;4 szem elv&#8217;, amihez tartjuk magunkat, teh\u00e1t mindent elk\u00fcld\u00f6k egy koll\u00e9g\u00e1nak ellen\u0151rz\u00e9sre, \u00edgy elrontani szinte semmit nem tudok. Ezt az elvet egy\u00e9bk\u00e9nt a f\u0151\u00e1ll\u00e1s\u00fa koll\u00e9g\u00e1k is alkalmazz\u00e1k. Van egy dedik\u00e1lt mentorom is, aki az ide\u00e9rkez\u00e9semkor sokat seg\u00edtett a betanul\u00e1sban \u00e9s beilleszked\u00e9sben. A teljes\u00edtm\u00e9nyemre is kapok visszajelz\u00e9st a f\u0151n\u00f6k\u00f6mt\u0151l f\u00e9l\u00e9vente, \u00e9ppen itt ker\u00fclt sz\u00f3ba az is, hogy mi az elk\u00e9pzel\u00e9sem az egyetem ut\u00e1n \u00e9s ehhez milyen lehet\u0151s\u00e9get biztos\u00edt a Telekom.<\/p>\n\n\n\n<h3><strong>Mes\u00e9lj k\u00e9rlek arr\u00f3l, hogy a gyakornoki tapasztalatszerz\u00e9s mit adott neked eddig?<\/strong><\/h3>\n\n\n\n<p>A szakmai ismeretekben egy\u00e9rtelm\u0171en sokat fejl\u0151dtem, mert itt j\u00f3 kieg\u00e9sz\u00edt\u00e9st kaptam az egyetemi anyagokhoz. \u00c9s term\u00e9szetesen a munka vil\u00e1g\u00e1t is megismerhettem el\u00e9g alaposan. Megtanultam beosztani az id\u0151met, l\u00e1tom hogyan m\u0171k\u00f6dik egy multi, ez sokat seg\u00edt abban, hogy megtervezzem a j\u00f6v\u0151met.<\/p>\n\n\n\n<h3><strong>Nagy kih\u00edv\u00e1st jelent az egyetem mellett m\u00e9g dolgozni is?<\/strong><\/h3>\n\n\n\n<p>Nem, mivel az \u00e1ll\u00e1skeres\u00e9skor fontos szempont volt, hogy a rugalmass\u00e1g meglegyen \u00e9s figyelembe vegy\u00e9k, hogy egyetemre is j\u00e1rok \u00e9s m\u00e1s k\u00f6telezetts\u00e9geim is vannak. Ez a Telekomn\u00e1l abszol\u00fat adott. T\u00e1rgyfelv\u00e9teln\u00e9l pr\u00f3b\u00e1lom az \u00f3r\u00e1imat \u00fagy felvenni, hogy egy-k\u00e9t napra csoportosuljanak, \u00edgy marad id\u0151m mellette otthonr\u00f3l vagy az irod\u00e1b\u00f3l dolgozni. Az nagy el\u0151ny, hogy \u00e9n oszthatom be az id\u0151met, hiszen ameddig a hat\u00e1rid\u0151ket tartani tudom, addig megvan a szabads\u00e1gom. \u00cdgy nem kell fesz\u00fcln\u00f6m \u00e9s a koll\u00e9g\u00e1k is tudj\u00e1k, hogy miben \u00e9s meddig sz\u00e1m\u00edthatnak r\u00e1m. Amikor a suli \u00fagy engedi, akkor a munk\u00e1ra tudok nagyobb hangs\u00falyt fektetni, de ha fordul a kocka, akkor a tanul\u00e1s is a f\u00f3kuszba tud ker\u00fclni. A m\u00e1sik pedig, hogy mindenki nagyon seg\u00edt\u0151k\u00e9sz, a koll\u00e9g\u00e1im mindig seg\u00edtenek, ha valamit nem \u00e9rtek, ak\u00e1r szakmai k\u00e9rd\u00e9sem van vagy ak\u00e1r m\u00e1s jelleg\u0171 neh\u00e9zs\u00e9gbe \u00fctk\u00f6z\u00f6m.<\/p>\n\n\n\n<h3><strong>Mit ad m\u00e9g neked ez a rugalmass\u00e1g? Hogyan tudsz kikapcsol\u00f3dni?<\/strong><\/h3>\n\n\n\n<p>T\u00f6k j\u00f3, hogy sokat dolgozhatok otthonr\u00f3l is, de az irod\u00e1ba is b\u00e1rmikor bemehetek, ha a koll\u00e9g\u00e1kkal szeretn\u00e9k tal\u00e1lkozni. Ez \u00edgy a tanul\u00e1s mellett nagy el\u0151ny, mert ki is tudom aludni magam, \u00e9s nem az van, hogy mindig rohan\u00e1sban vagyok. Egy\u00e9bk\u00e9nt a 8. emeletei edz\u0151terem kipr\u00f3b\u00e1l\u00e1s\u00e1n m\u00e1r egy ideje gondolkodom, m\u00e1r a bel\u00e9p\u0151t is kiv\u00e1ltottam, sz\u00f3val ak\u00e1r az is belef\u00e9rhet. Kikapcsol\u00f3d\u00e1sk\u00e9ppen pedig t\u00e1rsasozni szeretek a bar\u00e1taimmal, ami sim\u00e1n belef\u00e9r a h\u00e9tk\u00f6znapokba is.<\/p>\n\n\n\n<h3><strong>Kanyarodjunk vissza a gyakornoki tapasztalatszerz\u00e9shez. Mi\u00e9rt tartod fontosnak, hogy egyetem mellett egy hallgat\u00f3 feszegesse a hat\u00e1rait \u00e9s egy \u00f6nmag\u00e1ban kih\u00edv\u00e1st jelent\u0151 \u00e9letszakaszban m\u00e9g dolgozzon is?<\/strong><\/h3>\n\n\n\n<p>Egy\u00e9rtelm\u0171en az\u00e9rt, hogy m\u00e1r legyen egy kiindul\u00e1si alapja, \u00e9s \u00fagy ker\u00fclj\u00f6n ki a munkaer\u0151piacra, hogy van referenci\u00e1ja. Egy\u00e9bk\u00e9nt j\u00f3 \u00e9rz\u00e9s az elm\u00e9leti anyagot gyakorlati tud\u00e1ssal is kieg\u00e9sz\u00edteni, mert jobban \u00e9rezhet\u0151 a fejl\u0151d\u00e9s. De nem titok, hogy nekem a bev\u00e9tel is motiv\u00e1l\u00f3 volt, ha nem is teljes \u00f6n\u00e1ll\u00f3s\u00e1got ad, de v\u00e9gre van saj\u00e1t keresetem, amivel \u00e9n gazd\u00e1lkodhatok.<\/p>\n\n\n\n<h3><strong>Mi\u00e9rt j\u00f3, hogy a Telekom gyakornoki programj\u00e1t v\u00e1lasztottad?<\/strong><\/h3>\n\n\n\n<p>Maxim\u00e1lisan partnerk\u00e9nt kezelnek, senki nem \u00e9reztette velem egyszer sem, hogy a gyakornoki st\u00e1tuszom miatt b\u00e1rmiben is k\u00fcl\u00f6nb\u00f6zn\u00e9k. T\u00e9nyleg k\u00f6lcs\u00f6n\u00f6s bizalommal fordulunk egym\u00e1shoz a koll\u00e9g\u00e1kkal, \u00e9s \u00e9n is ugyan\u00fagy k\u00e9rhetem a seg\u00edts\u00e9g\u00fcket b\u00e1rmiben, mint ahogy \u0151k is az eny\u00e9met. A munkak\u00f6rnyezet is nagyon vag\u00e1ny, mert az open officeban b\u00e1rmikor egy\u00fctt tudunk lenni. Szuper volt megtapasztalni, ahogy egy id\u0151 ut\u00e1n azt vettem \u00e9szre, hogy m\u00e1r j\u00f3val \u00f6n\u00e1ll\u00f3bb vagyok, \u00e9s egyre t\u00f6bb \u00e9s komplexebb feladatot b\u00edztak r\u00e1m a t\u00f6bbiek. Bel\u00e9m fektett\u00e9k a bizalmukat \u00e9s ez pont annyi kih\u00edv\u00e1st jelentett, amennyire sz\u00fcks\u00e9gem volt!<\/p>\n\n\n\n<p class=\"has-text-align-center\"><strong>\u00c9rdekel, milyen aktu\u00e1lis nyitott poz\u00edci\u00f3k vannak a Magyar Telekomn\u00e1l? <\/strong><\/p>\n\n\n\n<div class=\"wp-container-1 wp-block-buttons\">\n<div class=\"wp-block-button aligncenter\"><a class=\"wp-block-button__link has-background\" href=\"https:\/\/bit.ly\/3rnsqe8\" style=\"background-color:#d7004b\" target=\"_blank\" rel=\"noreferrer noopener\">Katt ide!<\/a><\/div>\n<\/div>\n","protected":false},"excerpt":{"rendered":"<p>M\u00e1ty\u00e1s G\u00e1bor k\u00f6zel k\u00e9t \u00e9ve csatlakozott a Magyar Telekomhoz H\u00e1l\u00f3zati m\u00e9rn\u00f6k gyakornokk\u00e9nt, teh\u00e1t gyakornoki viszonylatban m\u00e1r b\u0151ven szeniornak tekinthet\u0151. Egy ambici\u00f3zus fiatal, aki pontosan \u00e9rti, hogy a gyakornoki tapasztalatszerz\u00e9s miben j\u00e1rul hozz\u00e1 a sikeres szakmai p\u00e1lyafut\u00e1s\u00e1hoz, \u00e9s ezt minden el\u0151ny\u00e9vel ki\u00e9lvezi. Olvass tov\u00e1bb a tapasztalatair\u00f3l! Mit tanulsz jelenleg \u00e9s milyen munkak\u00f6rben dolgozol a Magyar Telekomn\u00e1l? [&hellip;]<\/p>\n","protected":false},"author":2,"featured_media":13581,"comment_status":"closed","ping_status":"closed","sticky":true,"template":"","format":"standard","meta":[],"categories":[69],"tags":[],"yoast_head":"<!-- This site is optimized with the Yoast SEO plugin v20.6 - https:\/\/yoast.com\/wordpress\/plugins\/seo\/ -->\n<title>Gyakornokk\u00e9nt a Telekomn\u00e1l? M\u00e9g sz\u00e9p!<\/title>\n<meta name=\"description\" content=\"M\u00e1ty\u00e1s G\u00e1bor k\u00f6zel k\u00e9t \u00e9ve csatlakozott a Telekomhoz H\u00e1l\u00f3zati m\u00e9rn\u00f6k gyakornokk\u00e9nt. Olvass tov\u00e1bb a tapasztalatair\u00f3l!\" \/>\n<meta name=\"robots\" content=\"index, follow, max-snippet:-1, max-image-preview:large, max-video-preview:-1\" \/>\n<link rel=\"canonical\" href=\"https:\/\/zyntern.com\/blog\/gyakornokkent-a-telekomnal\/\" \/>\n<meta property=\"og:locale\" content=\"hu_HU\" \/>\n<meta property=\"og:type\" content=\"article\" \/>\n<meta property=\"og:title\" content=\"Gyakornokk\u00e9nt a Telekomn\u00e1l? M\u00e9g sz\u00e9p!\" \/>\n<meta property=\"og:description\" content=\"M\u00e1ty\u00e1s G\u00e1bor k\u00f6zel k\u00e9t \u00e9ve csatlakozott a Telekomhoz H\u00e1l\u00f3zati m\u00e9rn\u00f6k gyakornokk\u00e9nt. Olvass tov\u00e1bb a tapasztalatair\u00f3l!\" \/>\n<meta property=\"og:url\" content=\"https:\/\/zyntern.com\/blog\/gyakornokkent-a-telekomnal\/\" \/>\n<meta property=\"og:site_name\" content=\"Zyntern.com Blog\" \/>\n<meta property=\"article:publisher\" content=\"https:\/\/www.facebook.com\/zyntern\" \/>\n<meta property=\"article:published_time\" content=\"2023-09-20T14:35:24+00:00\" \/>\n<meta property=\"article:modified_time\" content=\"2023-11-17T12:13:20+00:00\" \/>\n<meta property=\"og:image\" content=\"https:\/\/zyntern.com\/blog\/wp-content\/uploads\/2023\/09\/telekominterju.png\" \/>\n\t<meta property=\"og:image:width\" content=\"1080\" \/>\n\t<meta property=\"og:image:height\" content=\"1080\" \/>\n\t<meta property=\"og:image:type\" content=\"image\/png\" \/>\n<meta name=\"author\" content=\"zyntern\" \/>\n<meta name=\"twitter:card\" content=\"summary_large_image\" \/>\n<meta name=\"twitter:label1\" content=\"Szerz\u0151:\" \/>\n\t<meta name=\"twitter:data1\" content=\"zyntern\" \/>\n\t<meta name=\"twitter:label2\" content=\"Becs\u00fclt olvas\u00e1si id\u0151\" \/>\n\t<meta name=\"twitter:data2\" content=\"5 perc\" \/>\n<script type=\"application\/ld+json\" class=\"yoast-schema-graph\">{\"@context\":\"https:\/\/schema.org\",\"@graph\":[{\"@type\":\"Article\",\"@id\":\"https:\/\/zyntern.com\/blog\/gyakornokkent-a-telekomnal\/#article\",\"isPartOf\":{\"@id\":\"https:\/\/zyntern.com\/blog\/gyakornokkent-a-telekomnal\/\"},\"author\":{\"name\":\"zyntern\",\"@id\":\"https:\/\/zyntern.com\/blog\/#\/schema\/person\/c558485a9bfe01edabf4fc8609db230b\"},\"headline\":\"Gyakornokk\u00e9nt a Telekomn\u00e1l? M\u00e9g sz\u00e9p!\",\"datePublished\":\"2023-09-20T14:35:24+00:00\",\"dateModified\":\"2023-11-17T12:13:20+00:00\",\"mainEntityOfPage\":{\"@id\":\"https:\/\/zyntern.com\/blog\/gyakornokkent-a-telekomnal\/\"},\"wordCount\":1157,\"publisher\":{\"@id\":\"https:\/\/zyntern.com\/blog\/#organization\"},\"articleSection\":[\"[X] PR\"],\"inLanguage\":\"hu\"},{\"@type\":\"WebPage\",\"@id\":\"https:\/\/zyntern.com\/blog\/gyakornokkent-a-telekomnal\/\",\"url\":\"https:\/\/zyntern.com\/blog\/gyakornokkent-a-telekomnal\/\",\"name\":\"Gyakornokk\u00e9nt a Telekomn\u00e1l? M\u00e9g sz\u00e9p!\",\"isPartOf\":{\"@id\":\"https:\/\/zyntern.com\/blog\/#website\"},\"datePublished\":\"2023-09-20T14:35:24+00:00\",\"dateModified\":\"2023-11-17T12:13:20+00:00\",\"description\":\"M\u00e1ty\u00e1s G\u00e1bor k\u00f6zel k\u00e9t \u00e9ve csatlakozott a Telekomhoz H\u00e1l\u00f3zati m\u00e9rn\u00f6k gyakornokk\u00e9nt. Olvass tov\u00e1bb a tapasztalatair\u00f3l!\",\"breadcrumb\":{\"@id\":\"https:\/\/zyntern.com\/blog\/gyakornokkent-a-telekomnal\/#breadcrumb\"},\"inLanguage\":\"hu\",\"potentialAction\":[{\"@type\":\"ReadAction\",\"target\":[\"https:\/\/zyntern.com\/blog\/gyakornokkent-a-telekomnal\/\"]}]},{\"@type\":\"BreadcrumbList\",\"@id\":\"https:\/\/zyntern.com\/blog\/gyakornokkent-a-telekomnal\/#breadcrumb\",\"itemListElement\":[{\"@type\":\"ListItem\",\"position\":1,\"name\":\"Home\",\"item\":\"https:\/\/zyntern.com\/blog\/\"},{\"@type\":\"ListItem\",\"position\":2,\"name\":\"Gyakornokk\u00e9nt a Telekomn\u00e1l? M\u00e9g sz\u00e9p!\"}]},{\"@type\":\"WebSite\",\"@id\":\"https:\/\/zyntern.com\/blog\/#website\",\"url\":\"https:\/\/zyntern.com\/blog\/\",\"name\":\"Zyntern.com Blog\",\"description\":\"Tippek \u00e9s tr\u00fckk\u00f6k az \u00e1ll\u00e1skeres\u00e9sr\u00f3l minden p\u00e1lyakezd\u0151 sz\u00e1m\u00e1ra egyenesen a Zyntern.com szak\u00e9rt\u0151i csapat\u00e1t\u00f3l. K\u00e9sz\u00fclj fel vel\u00fcnk a karrierutadra!\",\"publisher\":{\"@id\":\"https:\/\/zyntern.com\/blog\/#organization\"},\"potentialAction\":[{\"@type\":\"SearchAction\",\"target\":{\"@type\":\"EntryPoint\",\"urlTemplate\":\"https:\/\/zyntern.com\/blog\/?s={search_term_string}\"},\"query-input\":\"required name=search_term_string\"}],\"inLanguage\":\"hu\"},{\"@type\":\"Organization\",\"@id\":\"https:\/\/zyntern.com\/blog\/#organization\",\"name\":\"Zyntern.com\",\"url\":\"https:\/\/zyntern.com\/blog\/\",\"logo\":{\"@type\":\"ImageObject\",\"inLanguage\":\"hu\",\"@id\":\"https:\/\/zyntern.com\/blog\/#\/schema\/logo\/image\/\",\"url\":\"https:\/\/zyntern.com\/blog\/wp-content\/uploads\/2020\/06\/ZY-BLOG-LOGO-U\u0301J-1.png\",\"contentUrl\":\"https:\/\/zyntern.com\/blog\/wp-content\/uploads\/2020\/06\/ZY-BLOG-LOGO-U\u0301J-1.png\",\"width\":1000,\"height\":300,\"caption\":\"Zyntern.com\"},\"image\":{\"@id\":\"https:\/\/zyntern.com\/blog\/#\/schema\/logo\/image\/\"},\"sameAs\":[\"https:\/\/www.facebook.com\/zyntern\",\"https:\/\/www.instagram.com\/z.y.ntern\/\",\"https:\/\/www.linkedin.com\/company\/zyntern\/\",\"https:\/\/www.youtube.com\/channel\/UCIzCOOufS8cD1x4em9BuI2g\"]},{\"@type\":\"Person\",\"@id\":\"https:\/\/zyntern.com\/blog\/#\/schema\/person\/c558485a9bfe01edabf4fc8609db230b\",\"name\":\"zyntern\",\"url\":\"https:\/\/zyntern.com\/blog\/author\/zyntern\/\"}]}<\/script>\n<!-- \/ Yoast SEO plugin. -->","yoast_head_json":{"title":"Gyakornokk\u00e9nt a Telekomn\u00e1l? M\u00e9g sz\u00e9p!","description":"M\u00e1ty\u00e1s G\u00e1bor k\u00f6zel k\u00e9t \u00e9ve csatlakozott a Telekomhoz H\u00e1l\u00f3zati m\u00e9rn\u00f6k gyakornokk\u00e9nt. Olvass tov\u00e1bb a tapasztalatair\u00f3l!","robots":{"index":"index","follow":"follow","max-snippet":"max-snippet:-1","max-image-preview":"max-image-preview:large","max-video-preview":"max-video-preview:-1"},"canonical":"https:\/\/zyntern.com\/blog\/gyakornokkent-a-telekomnal\/","og_locale":"hu_HU","og_type":"article","og_title":"Gyakornokk\u00e9nt a Telekomn\u00e1l? M\u00e9g sz\u00e9p!","og_description":"M\u00e1ty\u00e1s G\u00e1bor k\u00f6zel k\u00e9t \u00e9ve csatlakozott a Telekomhoz H\u00e1l\u00f3zati m\u00e9rn\u00f6k gyakornokk\u00e9nt. Olvass tov\u00e1bb a tapasztalatair\u00f3l!","og_url":"https:\/\/zyntern.com\/blog\/gyakornokkent-a-telekomnal\/","og_site_name":"Zyntern.com Blog","article_publisher":"https:\/\/www.facebook.com\/zyntern","article_published_time":"2023-09-20T14:35:24+00:00","article_modified_time":"2023-11-17T12:13:20+00:00","og_image":[{"width":1080,"height":1080,"url":"https:\/\/zyntern.com\/blog\/wp-content\/uploads\/2023\/09\/telekominterju.png","type":"image\/png"}],"author":"zyntern","twitter_card":"summary_large_image","twitter_misc":{"Szerz\u0151:":"zyntern","Becs\u00fclt olvas\u00e1si id\u0151":"5 perc"},"schema":{"@context":"https:\/\/schema.org","@graph":[{"@type":"Article","@id":"https:\/\/zyntern.com\/blog\/gyakornokkent-a-telekomnal\/#article","isPartOf":{"@id":"https:\/\/zyntern.com\/blog\/gyakornokkent-a-telekomnal\/"},"author":{"name":"zyntern","@id":"https:\/\/zyntern.com\/blog\/#\/schema\/person\/c558485a9bfe01edabf4fc8609db230b"},"headline":"Gyakornokk\u00e9nt a Telekomn\u00e1l? M\u00e9g sz\u00e9p!","datePublished":"2023-09-20T14:35:24+00:00","dateModified":"2023-11-17T12:13:20+00:00","mainEntityOfPage":{"@id":"https:\/\/zyntern.com\/blog\/gyakornokkent-a-telekomnal\/"},"wordCount":1157,"publisher":{"@id":"https:\/\/zyntern.com\/blog\/#organization"},"articleSection":["[X] PR"],"inLanguage":"hu"},{"@type":"WebPage","@id":"https:\/\/zyntern.com\/blog\/gyakornokkent-a-telekomnal\/","url":"https:\/\/zyntern.com\/blog\/gyakornokkent-a-telekomnal\/","name":"Gyakornokk\u00e9nt a Telekomn\u00e1l? M\u00e9g sz\u00e9p!","isPartOf":{"@id":"https:\/\/zyntern.com\/blog\/#website"},"datePublished":"2023-09-20T14:35:24+00:00","dateModified":"2023-11-17T12:13:20+00:00","description":"M\u00e1ty\u00e1s G\u00e1bor k\u00f6zel k\u00e9t \u00e9ve csatlakozott a Telekomhoz H\u00e1l\u00f3zati m\u00e9rn\u00f6k gyakornokk\u00e9nt. Olvass tov\u00e1bb a tapasztalatair\u00f3l!","breadcrumb":{"@id":"https:\/\/zyntern.com\/blog\/gyakornokkent-a-telekomnal\/#breadcrumb"},"inLanguage":"hu","potentialAction":[{"@type":"ReadAction","target":["https:\/\/zyntern.com\/blog\/gyakornokkent-a-telekomnal\/"]}]},{"@type":"BreadcrumbList","@id":"https:\/\/zyntern.com\/blog\/gyakornokkent-a-telekomnal\/#breadcrumb","itemListElement":[{"@type":"ListItem","position":1,"name":"Home","item":"https:\/\/zyntern.com\/blog\/"},{"@type":"ListItem","position":2,"name":"Gyakornokk\u00e9nt a Telekomn\u00e1l? M\u00e9g sz\u00e9p!"}]},{"@type":"WebSite","@id":"https:\/\/zyntern.com\/blog\/#website","url":"https:\/\/zyntern.com\/blog\/","name":"Zyntern.com Blog","description":"Tippek \u00e9s tr\u00fckk\u00f6k az \u00e1ll\u00e1skeres\u00e9sr\u00f3l minden p\u00e1lyakezd\u0151 sz\u00e1m\u00e1ra egyenesen a Zyntern.com szak\u00e9rt\u0151i csapat\u00e1t\u00f3l. K\u00e9sz\u00fclj fel vel\u00fcnk a karrierutadra!","publisher":{"@id":"https:\/\/zyntern.com\/blog\/#organization"},"potentialAction":[{"@type":"SearchAction","target":{"@type":"EntryPoint","urlTemplate":"https:\/\/zyntern.com\/blog\/?s={search_term_string}"},"query-input":"required name=search_term_string"}],"inLanguage":"hu"},{"@type":"Organization","@id":"https:\/\/zyntern.com\/blog\/#organization","name":"Zyntern.com","url":"https:\/\/zyntern.com\/blog\/","logo":{"@type":"ImageObject","inLanguage":"hu","@id":"https:\/\/zyntern.com\/blog\/#\/schema\/logo\/image\/","url":"https:\/\/zyntern.com\/blog\/wp-content\/uploads\/2020\/06\/ZY-BLOG-LOGO-U\u0301J-1.png","contentUrl":"https:\/\/zyntern.com\/blog\/wp-content\/uploads\/2020\/06\/ZY-BLOG-LOGO-U\u0301J-1.png","width":1000,"height":300,"caption":"Zyntern.com"},"image":{"@id":"https:\/\/zyntern.com\/blog\/#\/schema\/logo\/image\/"},"sameAs":["https:\/\/www.facebook.com\/zyntern","https:\/\/www.instagram.com\/z.y.ntern\/","https:\/\/www.linkedin.com\/company\/zyntern\/","https:\/\/www.youtube.com\/channel\/UCIzCOOufS8cD1x4em9BuI2g"]},{"@type":"Person","@id":"https:\/\/zyntern.com\/blog\/#\/schema\/person\/c558485a9bfe01edabf4fc8609db230b","name":"zyntern","url":"https:\/\/zyntern.com\/blog\/author\/zyntern\/"}]}},"_links":{"self":[{"href":"https:\/\/zyntern.com\/blog\/wp-json\/wp\/v2\/posts\/13580"}],"collection":[{"href":"https:\/\/zyntern.com\/blog\/wp-json\/wp\/v2\/posts"}],"about":[{"href":"https:\/\/zyntern.com\/blog\/wp-json\/wp\/v2\/types\/post"}],"author":[{"embeddable":true,"href":"https:\/\/zyntern.com\/blog\/wp-json\/wp\/v2\/users\/2"}],"replies":[{"embeddable":true,"href":"https:\/\/zyntern.com\/blog\/wp-json\/wp\/v2\/comments?post=13580"}],"version-history":[{"count":4,"href":"https:\/\/zyntern.com\/blog\/wp-json\/wp\/v2\/posts\/13580\/revisions"}],"predecessor-version":[{"id":13588,"href":"https:\/\/zyntern.com\/blog\/wp-json\/wp\/v2\/posts\/13580\/revisions\/13588"}],"wp:featuredmedia":[{"embeddable":true,"href":"https:\/\/zyntern.com\/blog\/wp-json\/wp\/v2\/media\/13581"}],"wp:attachment":[{"href":"https:\/\/zyntern.com\/blog\/wp-json\/wp\/v2\/media?parent=13580"}],"wp:term":[{"taxonomy":"category","embeddable":true,"href":"https:\/\/zyntern.com\/blog\/wp-json\/wp\/v2\/categories?post=13580"},{"taxonomy":"post_tag","embeddable":true,"href":"https:\/\/zyntern.com\/blog\/wp-json\/wp\/v2\/tags?post=13580"}],"curies":[{"name":"wp","href":"https:\/\/api.w.org\/{rel}","templated":true}]}}