{"id":13770,"date":"2023-11-15T13:35:07","date_gmt":"2023-11-15T12:35:07","guid":{"rendered":"https:\/\/zyntern.com\/blog\/?p=13770"},"modified":"2023-11-20T21:46:57","modified_gmt":"2023-11-20T20:46:57","slug":"egy-projektmenedzser-napja-az-aldinal","status":"publish","type":"post","link":"https:\/\/zyntern.com\/blog\/egy-projektmenedzser-napja-az-aldinal\/","title":{"rendered":"Egy projekt menedzser napja az ALDI-n\u00e1l"},"content":{"rendered":"\n<h2>Exkluz\u00edv blogsorozatunk k\u00f6vetkez\u0151 r\u00e9sz\u00e9ben Barab\u00e1s Eszter mes\u00e9lt nek\u00fcnk m\u00faltj\u00e1r\u00f3l, az ALDI-s munkakult\u00far\u00e1r\u00f3l, \u00e9s v\u00e9gre v\u00e1laszt kaphattunk a mindenkit \u00e9get\u0151 k\u00e9rd\u00e9sre: Mit is csin\u00e1l egy projekt menedzser? <\/h2>\n\n\n\n<h3><strong>Milyen ter\u00fcleten dolgozol, \u00e9s hogyan ker\u00fclt\u00e9l a c\u00e9ghez?<\/strong><\/h3>\n\n\n\n<p>2020 j\u00falius\u00e1ban ker\u00fcltem az ALDI-hoz region\u00e1lis \u00e9rt\u00e9kes\u00edt\u00e9si vezet\u0151k\u00e9nt. Betanul\u00e1st k\u00f6vet\u0151en egy \u00e9vig 5 \u00fczlet ir\u00e1ny\u00edt\u00e1s\u00e1\u00e9rt feleltem Pest v\u00e1rmegy\u00e9ben, majd 2022-ben kaptam egy lehet\u0151s\u00e9get, hogy projekt menedzserr\u00e9 v\u00e1ljak.  Az els\u0151 projektjeim k\u00f6z\u00f6tt szerepelt a <strong>fesztiv\u00e1l\u00fczletek<\/strong> kialak\u00edt\u00e1sa, a z\u00f6lds\u00e9g-gy\u00fcm\u00f6lcs b\u00fatorok cser\u00e9je, illetve a <strong>merchandising<\/strong>. Itt az  \u00fczletek dekor\u00e1ci\u00f3j\u00e1nak tervez\u00e9s\u00e9re, kialak\u00edt\u00e1s\u00e1ra, \u00faj bolti berendez\u00e9sek\/\u00e1rukihelyez\u00e9si b\u00fatorok fejleszt\u00e9s\u00e9re kell gondolni.. <\/p>\n\n\n\n<p>Jelenleg az <strong>\u00fcvegvisszav\u00e1lt\u00e1s <\/strong>bevezet\u00e9s\u00e9\u00e9rt vagyok felel\u0151s, illetve \u00e9n vagyok a csapatunk HR felel\u0151se, \u00edgy t\u00f6bbek k\u00f6zt az \u00faj koll\u00e9g\u00e1k betanul\u00e1si terveinek elk\u00e9sz\u00edt\u00e9se is hozz\u00e1m tartozik, illetve szem\u00e9lyes t\u00e9m\u00e1kban engem kereshetnek.&nbsp;<\/p>\n\n\n\n<h3><strong>Mik azok az alapvet\u0151 k\u00e9szs\u00e9gek, amikre sz\u00fcks\u00e9ge van egy projekt menedzsernek?&nbsp;<\/strong><\/h3>\n\n\n\n<p>A j\u00f3 <strong>szervez\u0151k\u00e9szs\u00e9g<\/strong> \u00e9s <strong>probl\u00e9mamegold\u00e1si k\u00e9szs\u00e9g <\/strong>alapvet\u0151. Fontos, hogy \u00e1tl\u00e1ssuk a projektet, csak \u00edgy tudjuk a lehet\u0151 legt\u00f6bb r\u00e9szletet \u00e1tgondolni, \u00e9s az is sz\u00fcks\u00e9ges, hogy el\u0151re tudjunk tervezni. Kiemeln\u00e9m m\u00e9g a <strong>j\u00f3 kommunik\u00e1ci\u00f3<\/strong> szerep\u00e9t &#8211; a projektek folyam\u00e1n t\u00f6bb t\u00e1rsoszt\u00e1llyal kell egy\u00fctt dolgozni. <\/p>\n\n\n\n<div class=\"wp-container-1 wp-block-buttons\">\n<div class=\"wp-block-button aligncenter\"><a class=\"wp-block-button__link has-background\" href=\"\" style=\"background-color:#c81441\" target=\"_blank\" rel=\"noreferrer noopener\">Vajon milyen \u00e1ll\u00e1s passzol hozz\u00e1d a horoszk\u00f3pod alapj\u00e1n?<\/a><\/div>\n<\/div>\n\n\n\n<h3><strong>Hogyan jellemez\u00e9d az ALDI kult\u00far\u00e1t h\u00e1rom sz\u00f3ban?&nbsp;<\/strong><\/h3>\n\n\n\n<p>Csal\u00e1dias, seg\u00edt\u0151k\u00e9sz, rugalmas.<\/p>\n\n\n\n<h3><strong>Hogyan viszonyul a v\u00e1llalat a t\u00e1vmunk\u00e1hoz \u00e9s a rugalmas id\u0151beoszt\u00e1shoz?<\/strong><\/h3>\n\n\n\n<p>A home office szab\u00e1lyoz\u00e1s az ALDI-n\u00e1l oszt\u00e1lyonk\u00e9nt v\u00e1ltozik. A mi ter\u00fclet\u00fcnk\u00f6n <strong>havi 10 nap<\/strong> otthoni munkav\u00e9gz\u00e9s lehets\u00e9ges. &nbsp;A h\u00e9ten \u00e1ltal\u00e1ban egy-k\u00e9t olyan nap van, amikor valamilyen szem\u00e9lyes r\u00e9szv\u00e9telt ig\u00e9nyl\u0151 megbesz\u00e9l\u00e9s miatt optim\u00e1lisabb az irod\u00e1ban dolgozni. Alapvet\u0151en a home office j\u00f3l m\u0171k\u00f6dik. Mindenkin\u00e9l el\u0151fordul, hogy egy d\u00e9lut\u00e1ni id\u0151pont miatt el\u0151bb el kell hagynia az irod\u00e1t, de ezt vagy el\u0151tte, vagy ut\u00e1na be tudja p\u00f3tolni. <\/p>\n\n\n\n<h3><strong>Milyen kih\u00edv\u00e1st jelent\u0151 szitu\u00e1ci\u00f3k mer\u00fclhetnek fel egy projekt menedzser munk\u00e1ja sor\u00e1n?&nbsp;<\/strong><\/h3>\n\n\n\n<p>A legt\u00f6bb projekt nemcsak az ALDI-t\u00f3l f\u00fcgg, hanem sz\u00e1mos <strong>k\u00fcls\u0151 t\u00e9nyez\u0151<\/strong>t\u0151l is. Vannak <strong>jogszab\u00e1lyok<\/strong>, amiket \u00e9rtelmezni kell, k\u00fcls\u0151s partnerekkel kell egy\u00fctt dolgozni, \u00edgy sokszor meghat\u00e1roz\u00f3, hogy a partnert\u0151l milyen gyorsan kapunk inform\u00e1ci\u00f3t, illetve az milyen min\u0151s\u00e9g\u0171. <strong>N\u00e9ha neh\u00e9z el\u0151re l\u00e1tni \u00e9s tervezni. <\/strong>El\u0151fordulnak olyan helyzetek is, amikor gyorsan kell cselekedni, \u00edgy fontos a <strong>kreat\u00edv gondolkod\u00e1s<\/strong>, \u00e9s a felk\u00e9sz\u00fclts\u00e9g a cselekv\u00e9sre. A projektmenedzsernek vezetnie kell a csapatot, majd visszaellen\u0151rizni \u0151ket, \u00edgy ha valaki nem v\u00e9gzi el a kiadott feladatot, akkor <strong>konfliktusok <\/strong>ad\u00f3dhatnak, amelyeket szint\u00e9n kezeln\u00fcnk kell. Kih\u00edv\u00e1st jelent az is, ha valaki rosszul \u00e9rtelmezi a megbesz\u00e9lt feladatot, t\u00e9m\u00e1t, de egy<strong> j\u00f3 menedzser<\/strong> az ilyen helyzetekre is <strong>felk\u00e9sz\u00fcl <\/strong>\u00e9s <strong>rugalmasan reag\u00e1l.&nbsp;<\/strong><\/p>\n\n\n<div class=\"wp-block-image\">\n<figure class=\"aligncenter size-large is-resized\"><img fetchpriority=\"high\" src=\"https:\/\/zyntern.com\/blog\/wp-content\/uploads\/2023\/11\/illust-1024x1024.png\" alt=\"\" class=\"wp-image-13773\" width=\"555\" height=\"555\" srcset=\"https:\/\/zyntern.com\/blog\/wp-content\/uploads\/2023\/11\/illust-1024x1024.png 1024w, https:\/\/zyntern.com\/blog\/wp-content\/uploads\/2023\/11\/illust-300x300.png 300w, https:\/\/zyntern.com\/blog\/wp-content\/uploads\/2023\/11\/illust-150x150.png 150w, https:\/\/zyntern.com\/blog\/wp-content\/uploads\/2023\/11\/illust-768x768.png 768w, https:\/\/zyntern.com\/blog\/wp-content\/uploads\/2023\/11\/illust-600x600.png 600w, https:\/\/zyntern.com\/blog\/wp-content\/uploads\/2023\/11\/illust.png 1080w\" sizes=\"(max-width: 555px) 100vw, 555px\" \/><\/figure><\/div>\n\n\n<h3><strong>Vannak-e olyan k\u00fcl\u00f6nleges csapat\u00e9p\u00edt\u0151 tev\u00e9kenys\u00e9gek, esem\u00e9nyek vagy hagyom\u00e1nyok, amelyek hozz\u00e1j\u00e1rulnak a pozit\u00edv irodai kult\u00far\u00e1hoz?<\/strong><\/h3>\n\n\n\n<p>Minden \u00e9vben szervez\u00fcnk egy csapat\u00e9p\u00edt\u0151t, ilyenkor k\u00f6z\u00f6sen szervezz\u00fck meg a programot. Ezek mindig nagyon j\u00f3l siker\u00fclnek. Emellett <strong>kar\u00e1csony el\u0151tt <\/strong>szoktunk <strong>aj\u00e1nd\u00e9kozni <\/strong>egym\u00e1snak egy <strong>k\u00f6z\u00f6s reggeli<\/strong> keret\u00e9ben. Az aj\u00e1nd\u00e9koz\u00e1s el\u0151tt minden csapattag h\u00faz egy cetlit, amin a csapat egyik tagj\u00e1nak neve \u00e1ll, \u00e9s verset kell \u00edrni arr\u00f3l a szem\u00e9lyr\u0151l, majd a vers alapj\u00e1n tal\u00e1lja ki a csapat, hogy kir\u0151l van sz\u00f3. Ilyenkor mindig egy kicsit jobban meg kell ismerni az \u00e9rintett szem\u00e9lyt.&nbsp;<\/p>\n\n\n\n<h3><strong>Mi a kedvenc r\u00e9szed\/feature-\u00f6d az irod\u00e1ban?<\/strong><\/h3>\n\n\n\n<p>A <strong>konyha<\/strong>, ahol a Projektmenedzsment oszt\u00e1ly h\u00e9tf\u0151 reggeli megbesz\u00e9l\u00e9seit tartjuk egy k\u00e1v\u00e9, tea vagy valamilyen reggeli mellett. Mindig fel van t\u00f6ltve gy\u00fcm\u00f6lcs\u00f6kkel, z\u00f6lds\u00e9gekkel, illetve a h\u0171t\u0151b\u0151l is lehet v\u00e1logatni a reggelihez, \u00edgy minden adott egy j\u00f3 hangulat\u00fa \u00e9s hat\u00e9kony megbesz\u00e9l\u00e9shez.<\/p>\n\n\n\n<h3><strong>Milyen tan\u00e1csot adn\u00e1l azoknak a jelentkez\u0151knek, akik szeretn\u00e9nek kit\u0171nni az ALDI-n\u00e1l gyakornoki \u00e9s kezd\u0151 poz\u00edci\u00f3kat bet\u00f6lt\u0151 jelentkez\u00e9skor \u00e9s interj\u00fak sor\u00e1n, ha erre a ter\u00fcletre szeretn\u00e9nek specializ\u00e1l\u00f3dni?<\/strong><\/h3>\n\n\n\n<p>Mindenk\u00e9pp fontos, hogy motiv\u00e1lt, de emellett al\u00e1zatos legyen a jelentkez\u0151. Fontosnak tartom, hogy j\u00f3 <strong>szervez\u0151k\u00e9szs\u00e9ggel <\/strong>rendelkezzen, illetve <strong>gyorsan tanuljon<\/strong>. Ebben a poz\u00edci\u00f3ban sok <strong>kutat\u00f3munk\u00e1t <\/strong>kell v\u00e9gezni, \u00edgy fontos, hogy el tudjon m\u00e9ly\u00fclni feladatokban, majd a megszerzett ismeretet hasznos\u00edtani tudja a projekt operat\u00edv r\u00e9sz\u00e9ben.&nbsp;<\/p>\n\n\n\n<h2 class=\"has-text-align-center\"><strong>Tetszett, amit olvast\u00e1l? N\u00e9zz k\u00f6r\u00fcl a Zyntern tov\u00e1bbi cikkei k\u00f6z\u00f6tt, \u00e9s tudj meg bels\u0151s inform\u00e1ci\u00f3kat a <a href=\"https:\/\/zyntern.com\/blog\/marketing-nestle-palyakezdo\/\" target=\"_blank\" rel=\"noreferrer noopener\">Nestl\u00e9<\/a>, az <a href=\"https:\/\/zyntern.com\/blog\/palyakezdokent-az-audi-hungarianal-mondjuk-mire-szamits\/\" target=\"_blank\" rel=\"noreferrer noopener\">Audi Hungaria<\/a>, \u00e9s <a href=\"https:\/\/zyntern.com\/blog\/tartalomgyartas-magasfokon-ilyen-a-telekom-marketing-gyakornokakent\/\" target=\"_blank\" rel=\"noreferrer noopener\">Magyar Telekom <\/a>h\u00e1za t\u00e1j\u00e1r\u00f3l is!<\/strong><\/h2>\n","protected":false},"excerpt":{"rendered":"<p>Exkluz\u00edv blogsorozatunk k\u00f6vetkez\u0151 r\u00e9sz\u00e9ben Barab\u00e1s Eszter mes\u00e9lt nek\u00fcnk m\u00faltj\u00e1r\u00f3l, az ALDI-s munkakult\u00far\u00e1r\u00f3l, \u00e9s v\u00e9gre v\u00e1laszt kaphattunk a mindenkit \u00e9get\u0151 k\u00e9rd\u00e9sre: Mit is csin\u00e1l egy projekt menedzser? Milyen ter\u00fcleten dolgozol, \u00e9s hogyan ker\u00fclt\u00e9l a c\u00e9ghez? 2020 j\u00falius\u00e1ban ker\u00fcltem az ALDI-hoz region\u00e1lis \u00e9rt\u00e9kes\u00edt\u00e9si vezet\u0151k\u00e9nt. Betanul\u00e1st k\u00f6vet\u0151en egy \u00e9vig 5 \u00fczlet ir\u00e1ny\u00edt\u00e1s\u00e1\u00e9rt feleltem Pest v\u00e1rmegy\u00e9ben, majd 2022-ben kaptam [&hellip;]<\/p>\n","protected":false},"author":25,"featured_media":13771,"comment_status":"closed","ping_status":"closed","sticky":false,"template":"","format":"standard","meta":[],"categories":[47],"tags":[71],"yoast_head":"<!-- This site is optimized with the Yoast SEO plugin v20.6 - https:\/\/yoast.com\/wordpress\/plugins\/seo\/ -->\n<title>Zyntern.com Blog Egy projekt menedzser napja az ALDI-n\u00e1l<\/title>\n<meta name=\"description\" content=\"Barab\u00e1s Eszter mes\u00e9lt nek\u00fcnk az ALDI-s kult\u00far\u00e1r\u00f3l, \u00e9s v\u00e9gre v\u00e1laszt kaphattunk a mindenkit \u00e9get\u0151 k\u00e9rd\u00e9sre: Mit csin\u00e1l egy projekt menedzser?\" \/>\n<meta name=\"robots\" content=\"index, follow, max-snippet:-1, max-image-preview:large, max-video-preview:-1\" \/>\n<link rel=\"canonical\" href=\"https:\/\/zyntern.com\/blog\/egy-projektmenedzser-napja-az-aldinal\/\" \/>\n<meta property=\"og:locale\" content=\"hu_HU\" \/>\n<meta property=\"og:type\" content=\"article\" \/>\n<meta property=\"og:title\" content=\"Zyntern.com Blog Egy projekt menedzser napja az ALDI-n\u00e1l\" \/>\n<meta property=\"og:description\" content=\"Barab\u00e1s Eszter mes\u00e9lt nek\u00fcnk az ALDI-s kult\u00far\u00e1r\u00f3l, \u00e9s v\u00e9gre v\u00e1laszt kaphattunk a mindenkit \u00e9get\u0151 k\u00e9rd\u00e9sre: Mit csin\u00e1l egy projekt menedzser?\" \/>\n<meta property=\"og:url\" content=\"https:\/\/zyntern.com\/blog\/egy-projektmenedzser-napja-az-aldinal\/\" \/>\n<meta property=\"og:site_name\" content=\"Zyntern.com Blog\" \/>\n<meta property=\"article:publisher\" content=\"https:\/\/www.facebook.com\/zyntern\" \/>\n<meta property=\"article:published_time\" content=\"2023-11-15T12:35:07+00:00\" \/>\n<meta property=\"article:modified_time\" content=\"2023-11-20T20:46:57+00:00\" \/>\n<meta property=\"og:image\" content=\"https:\/\/zyntern.com\/blog\/wp-content\/uploads\/2023\/11\/aldiblog.png\" \/>\n\t<meta property=\"og:image:width\" content=\"1080\" \/>\n\t<meta property=\"og:image:height\" content=\"1080\" \/>\n\t<meta property=\"og:image:type\" content=\"image\/png\" \/>\n<meta name=\"author\" content=\"Vad\u00e1sz Viola\" \/>\n<meta name=\"twitter:card\" content=\"summary_large_image\" \/>\n<meta name=\"twitter:label1\" content=\"Szerz\u0151:\" \/>\n\t<meta name=\"twitter:data1\" content=\"Vad\u00e1sz Viola\" \/>\n\t<meta name=\"twitter:label2\" content=\"Becs\u00fclt olvas\u00e1si id\u0151\" \/>\n\t<meta name=\"twitter:data2\" content=\"4 perc\" \/>\n<script type=\"application\/ld+json\" class=\"yoast-schema-graph\">{\"@context\":\"https:\/\/schema.org\",\"@graph\":[{\"@type\":\"Article\",\"@id\":\"https:\/\/zyntern.com\/blog\/egy-projektmenedzser-napja-az-aldinal\/#article\",\"isPartOf\":{\"@id\":\"https:\/\/zyntern.com\/blog\/egy-projektmenedzser-napja-az-aldinal\/\"},\"author\":{\"name\":\"Vad\u00e1sz Viola\",\"@id\":\"https:\/\/zyntern.com\/blog\/#\/schema\/person\/9be7473079f1927c75b3d87e79e6974e\"},\"headline\":\"Egy projekt menedzser napja az ALDI-n\u00e1l\",\"datePublished\":\"2023-11-15T12:35:07+00:00\",\"dateModified\":\"2023-11-20T20:46:57+00:00\",\"mainEntityOfPage\":{\"@id\":\"https:\/\/zyntern.com\/blog\/egy-projektmenedzser-napja-az-aldinal\/\"},\"wordCount\":951,\"publisher\":{\"@id\":\"https:\/\/zyntern.com\/blog\/#organization\"},\"keywords\":[\"c\u00e9ginterj\u00fa\"],\"articleSection\":[\"Karriertippek P\u00e1lyakezd\u0151knek\"],\"inLanguage\":\"hu\"},{\"@type\":\"WebPage\",\"@id\":\"https:\/\/zyntern.com\/blog\/egy-projektmenedzser-napja-az-aldinal\/\",\"url\":\"https:\/\/zyntern.com\/blog\/egy-projektmenedzser-napja-az-aldinal\/\",\"name\":\"Zyntern.com Blog Egy projekt menedzser napja az ALDI-n\u00e1l\",\"isPartOf\":{\"@id\":\"https:\/\/zyntern.com\/blog\/#website\"},\"datePublished\":\"2023-11-15T12:35:07+00:00\",\"dateModified\":\"2023-11-20T20:46:57+00:00\",\"description\":\"Barab\u00e1s Eszter mes\u00e9lt nek\u00fcnk az ALDI-s kult\u00far\u00e1r\u00f3l, \u00e9s v\u00e9gre v\u00e1laszt kaphattunk a mindenkit \u00e9get\u0151 k\u00e9rd\u00e9sre: Mit csin\u00e1l egy projekt menedzser?\",\"breadcrumb\":{\"@id\":\"https:\/\/zyntern.com\/blog\/egy-projektmenedzser-napja-az-aldinal\/#breadcrumb\"},\"inLanguage\":\"hu\",\"potentialAction\":[{\"@type\":\"ReadAction\",\"target\":[\"https:\/\/zyntern.com\/blog\/egy-projektmenedzser-napja-az-aldinal\/\"]}]},{\"@type\":\"BreadcrumbList\",\"@id\":\"https:\/\/zyntern.com\/blog\/egy-projektmenedzser-napja-az-aldinal\/#breadcrumb\",\"itemListElement\":[{\"@type\":\"ListItem\",\"position\":1,\"name\":\"Home\",\"item\":\"https:\/\/zyntern.com\/blog\/\"},{\"@type\":\"ListItem\",\"position\":2,\"name\":\"Egy projekt menedzser napja az ALDI-n\u00e1l\"}]},{\"@type\":\"WebSite\",\"@id\":\"https:\/\/zyntern.com\/blog\/#website\",\"url\":\"https:\/\/zyntern.com\/blog\/\",\"name\":\"Zyntern.com Blog\",\"description\":\"Tippek \u00e9s tr\u00fckk\u00f6k az \u00e1ll\u00e1skeres\u00e9sr\u00f3l minden p\u00e1lyakezd\u0151 sz\u00e1m\u00e1ra egyenesen a Zyntern.com szak\u00e9rt\u0151i csapat\u00e1t\u00f3l. K\u00e9sz\u00fclj fel vel\u00fcnk a karrierutadra!\",\"publisher\":{\"@id\":\"https:\/\/zyntern.com\/blog\/#organization\"},\"potentialAction\":[{\"@type\":\"SearchAction\",\"target\":{\"@type\":\"EntryPoint\",\"urlTemplate\":\"https:\/\/zyntern.com\/blog\/?s={search_term_string}\"},\"query-input\":\"required name=search_term_string\"}],\"inLanguage\":\"hu\"},{\"@type\":\"Organization\",\"@id\":\"https:\/\/zyntern.com\/blog\/#organization\",\"name\":\"Zyntern.com\",\"url\":\"https:\/\/zyntern.com\/blog\/\",\"logo\":{\"@type\":\"ImageObject\",\"inLanguage\":\"hu\",\"@id\":\"https:\/\/zyntern.com\/blog\/#\/schema\/logo\/image\/\",\"url\":\"https:\/\/zyntern.com\/blog\/wp-content\/uploads\/2020\/06\/ZY-BLOG-LOGO-U\u0301J-1.png\",\"contentUrl\":\"https:\/\/zyntern.com\/blog\/wp-content\/uploads\/2020\/06\/ZY-BLOG-LOGO-U\u0301J-1.png\",\"width\":1000,\"height\":300,\"caption\":\"Zyntern.com\"},\"image\":{\"@id\":\"https:\/\/zyntern.com\/blog\/#\/schema\/logo\/image\/\"},\"sameAs\":[\"https:\/\/www.facebook.com\/zyntern\",\"https:\/\/www.instagram.com\/z.y.ntern\/\",\"https:\/\/www.linkedin.com\/company\/zyntern\/\",\"https:\/\/www.youtube.com\/channel\/UCIzCOOufS8cD1x4em9BuI2g\"]},{\"@type\":\"Person\",\"@id\":\"https:\/\/zyntern.com\/blog\/#\/schema\/person\/9be7473079f1927c75b3d87e79e6974e\",\"name\":\"Vad\u00e1sz Viola\",\"url\":\"https:\/\/zyntern.com\/blog\/author\/vadasz-viola\/\"}]}<\/script>\n<!-- \/ Yoast SEO plugin. -->","yoast_head_json":{"title":"Zyntern.com Blog Egy projekt menedzser napja az ALDI-n\u00e1l","description":"Barab\u00e1s Eszter mes\u00e9lt nek\u00fcnk az ALDI-s kult\u00far\u00e1r\u00f3l, \u00e9s v\u00e9gre v\u00e1laszt kaphattunk a mindenkit \u00e9get\u0151 k\u00e9rd\u00e9sre: Mit csin\u00e1l egy projekt menedzser?","robots":{"index":"index","follow":"follow","max-snippet":"max-snippet:-1","max-image-preview":"max-image-preview:large","max-video-preview":"max-video-preview:-1"},"canonical":"https:\/\/zyntern.com\/blog\/egy-projektmenedzser-napja-az-aldinal\/","og_locale":"hu_HU","og_type":"article","og_title":"Zyntern.com Blog Egy projekt menedzser napja az ALDI-n\u00e1l","og_description":"Barab\u00e1s Eszter mes\u00e9lt nek\u00fcnk az ALDI-s kult\u00far\u00e1r\u00f3l, \u00e9s v\u00e9gre v\u00e1laszt kaphattunk a mindenkit \u00e9get\u0151 k\u00e9rd\u00e9sre: Mit csin\u00e1l egy projekt menedzser?","og_url":"https:\/\/zyntern.com\/blog\/egy-projektmenedzser-napja-az-aldinal\/","og_site_name":"Zyntern.com Blog","article_publisher":"https:\/\/www.facebook.com\/zyntern","article_published_time":"2023-11-15T12:35:07+00:00","article_modified_time":"2023-11-20T20:46:57+00:00","og_image":[{"width":1080,"height":1080,"url":"https:\/\/zyntern.com\/blog\/wp-content\/uploads\/2023\/11\/aldiblog.png","type":"image\/png"}],"author":"Vad\u00e1sz Viola","twitter_card":"summary_large_image","twitter_misc":{"Szerz\u0151:":"Vad\u00e1sz Viola","Becs\u00fclt olvas\u00e1si id\u0151":"4 perc"},"schema":{"@context":"https:\/\/schema.org","@graph":[{"@type":"Article","@id":"https:\/\/zyntern.com\/blog\/egy-projektmenedzser-napja-az-aldinal\/#article","isPartOf":{"@id":"https:\/\/zyntern.com\/blog\/egy-projektmenedzser-napja-az-aldinal\/"},"author":{"name":"Vad\u00e1sz Viola","@id":"https:\/\/zyntern.com\/blog\/#\/schema\/person\/9be7473079f1927c75b3d87e79e6974e"},"headline":"Egy projekt menedzser napja az ALDI-n\u00e1l","datePublished":"2023-11-15T12:35:07+00:00","dateModified":"2023-11-20T20:46:57+00:00","mainEntityOfPage":{"@id":"https:\/\/zyntern.com\/blog\/egy-projektmenedzser-napja-az-aldinal\/"},"wordCount":951,"publisher":{"@id":"https:\/\/zyntern.com\/blog\/#organization"},"keywords":["c\u00e9ginterj\u00fa"],"articleSection":["Karriertippek P\u00e1lyakezd\u0151knek"],"inLanguage":"hu"},{"@type":"WebPage","@id":"https:\/\/zyntern.com\/blog\/egy-projektmenedzser-napja-az-aldinal\/","url":"https:\/\/zyntern.com\/blog\/egy-projektmenedzser-napja-az-aldinal\/","name":"Zyntern.com Blog Egy projekt menedzser napja az ALDI-n\u00e1l","isPartOf":{"@id":"https:\/\/zyntern.com\/blog\/#website"},"datePublished":"2023-11-15T12:35:07+00:00","dateModified":"2023-11-20T20:46:57+00:00","description":"Barab\u00e1s Eszter mes\u00e9lt nek\u00fcnk az ALDI-s kult\u00far\u00e1r\u00f3l, \u00e9s v\u00e9gre v\u00e1laszt kaphattunk a mindenkit \u00e9get\u0151 k\u00e9rd\u00e9sre: Mit csin\u00e1l egy projekt menedzser?","breadcrumb":{"@id":"https:\/\/zyntern.com\/blog\/egy-projektmenedzser-napja-az-aldinal\/#breadcrumb"},"inLanguage":"hu","potentialAction":[{"@type":"ReadAction","target":["https:\/\/zyntern.com\/blog\/egy-projektmenedzser-napja-az-aldinal\/"]}]},{"@type":"BreadcrumbList","@id":"https:\/\/zyntern.com\/blog\/egy-projektmenedzser-napja-az-aldinal\/#breadcrumb","itemListElement":[{"@type":"ListItem","position":1,"name":"Home","item":"https:\/\/zyntern.com\/blog\/"},{"@type":"ListItem","position":2,"name":"Egy projekt menedzser napja az ALDI-n\u00e1l"}]},{"@type":"WebSite","@id":"https:\/\/zyntern.com\/blog\/#website","url":"https:\/\/zyntern.com\/blog\/","name":"Zyntern.com Blog","description":"Tippek \u00e9s tr\u00fckk\u00f6k az \u00e1ll\u00e1skeres\u00e9sr\u00f3l minden p\u00e1lyakezd\u0151 sz\u00e1m\u00e1ra egyenesen a Zyntern.com szak\u00e9rt\u0151i csapat\u00e1t\u00f3l. K\u00e9sz\u00fclj fel vel\u00fcnk a karrierutadra!","publisher":{"@id":"https:\/\/zyntern.com\/blog\/#organization"},"potentialAction":[{"@type":"SearchAction","target":{"@type":"EntryPoint","urlTemplate":"https:\/\/zyntern.com\/blog\/?s={search_term_string}"},"query-input":"required name=search_term_string"}],"inLanguage":"hu"},{"@type":"Organization","@id":"https:\/\/zyntern.com\/blog\/#organization","name":"Zyntern.com","url":"https:\/\/zyntern.com\/blog\/","logo":{"@type":"ImageObject","inLanguage":"hu","@id":"https:\/\/zyntern.com\/blog\/#\/schema\/logo\/image\/","url":"https:\/\/zyntern.com\/blog\/wp-content\/uploads\/2020\/06\/ZY-BLOG-LOGO-U\u0301J-1.png","contentUrl":"https:\/\/zyntern.com\/blog\/wp-content\/uploads\/2020\/06\/ZY-BLOG-LOGO-U\u0301J-1.png","width":1000,"height":300,"caption":"Zyntern.com"},"image":{"@id":"https:\/\/zyntern.com\/blog\/#\/schema\/logo\/image\/"},"sameAs":["https:\/\/www.facebook.com\/zyntern","https:\/\/www.instagram.com\/z.y.ntern\/","https:\/\/www.linkedin.com\/company\/zyntern\/","https:\/\/www.youtube.com\/channel\/UCIzCOOufS8cD1x4em9BuI2g"]},{"@type":"Person","@id":"https:\/\/zyntern.com\/blog\/#\/schema\/person\/9be7473079f1927c75b3d87e79e6974e","name":"Vad\u00e1sz Viola","url":"https:\/\/zyntern.com\/blog\/author\/vadasz-viola\/"}]}},"_links":{"self":[{"href":"https:\/\/zyntern.com\/blog\/wp-json\/wp\/v2\/posts\/13770"}],"collection":[{"href":"https:\/\/zyntern.com\/blog\/wp-json\/wp\/v2\/posts"}],"about":[{"href":"https:\/\/zyntern.com\/blog\/wp-json\/wp\/v2\/types\/post"}],"author":[{"embeddable":true,"href":"https:\/\/zyntern.com\/blog\/wp-json\/wp\/v2\/users\/25"}],"replies":[{"embeddable":true,"href":"https:\/\/zyntern.com\/blog\/wp-json\/wp\/v2\/comments?post=13770"}],"version-history":[{"count":4,"href":"https:\/\/zyntern.com\/blog\/wp-json\/wp\/v2\/posts\/13770\/revisions"}],"predecessor-version":[{"id":13791,"href":"https:\/\/zyntern.com\/blog\/wp-json\/wp\/v2\/posts\/13770\/revisions\/13791"}],"wp:featuredmedia":[{"embeddable":true,"href":"https:\/\/zyntern.com\/blog\/wp-json\/wp\/v2\/media\/13771"}],"wp:attachment":[{"href":"https:\/\/zyntern.com\/blog\/wp-json\/wp\/v2\/media?parent=13770"}],"wp:term":[{"taxonomy":"category","embeddable":true,"href":"https:\/\/zyntern.com\/blog\/wp-json\/wp\/v2\/categories?post=13770"},{"taxonomy":"post_tag","embeddable":true,"href":"https:\/\/zyntern.com\/blog\/wp-json\/wp\/v2\/tags?post=13770"}],"curies":[{"name":"wp","href":"https:\/\/api.w.org\/{rel}","templated":true}]}}