{"id":13984,"date":"2024-02-16T15:18:55","date_gmt":"2024-02-16T14:18:55","guid":{"rendered":"https:\/\/zyntern.com\/blog\/?p=13984"},"modified":"2024-02-16T15:18:56","modified_gmt":"2024-02-16T14:18:56","slug":"mennyi-ado-terhel-minket-es-milyen-kedvezmenyek-leteznek","status":"publish","type":"post","link":"https:\/\/zyntern.com\/blog\/mennyi-ado-terhel-minket-es-milyen-kedvezmenyek-leteznek\/","title":{"rendered":"Mennyi ad\u00f3 terhel minket, \u00e9s milyen kedvezm\u00e9nyek l\u00e9teznek?"},"content":{"rendered":"\n<p>Minden tisztess\u00e9ges munkav\u00e1llal\u00f3t sz\u00e1mtalan ad\u00f3 kem\u00e9nyen s\u00falyt, de szerencs\u00e9re l\u00e9teznek kedvezm\u00e9nyek is, melyekkel \u00e9rdemes \u00e9ln\u00fcnk.<\/p>\n\n\n\n<h2><strong>Nett\u00f3 \u00e9s brutt\u00f3<\/strong><\/h2>\n\n\n\n<p>A brutt\u00f3-nett\u00f3 b\u00e9r fogalma m\u00e1r mindenkibe beleiv\u00f3dott. A v\u00e9gletekig leegyszer\u0171s\u00edtve a nett\u00f3 az, amit az ad\u00f3z\u00e1si k\u00f6telezetts\u00e9g teljes\u00edt\u00e9se ut\u00e1n t\u00e9nylegesen k\u00e9zhez kapunk a h\u00f3nap v\u00e9g\u00e9n. <strong>A<\/strong> <strong>munkaszerz\u0151d\u00e9sekben mindig a brutt\u00f3 b\u00e9r \u00f6sszeg\u00e9t kell felt\u0171ntetni<\/strong>, \u00e9s b\u00e9rt\u00e1rgyal\u00e1s sor\u00e1n is ebb\u0151l indulnak ki. Bejelentett munka eset\u00e9n az ad\u00f3 levon\u00e1s\u00e1r\u00f3l \u00e9s kifizet\u00e9s\u00e9r\u0151l a munkaad\u00f3 gondoskodik helyett\u00fcnk.<\/p>\n\n\n\n<figure class=\"wp-block-image size-large\"><img fetchpriority=\"high\" width=\"2560\" height=\"1440\" src=\"https:\/\/zyntern.com\/blog\/wp-content\/uploads\/2024\/02\/closeup-economist-using-calculator-while-going-through-bills-taxes-office-edited-scaled.jpg\" alt=\"K\u00f6z\u00e9pk\u00f6r\u00fa h\u00f6lgy ad\u00f3 kisz\u00e1mol\u00e1sa k\u00f6zben\" class=\"wp-image-13998\" srcset=\"https:\/\/zyntern.com\/blog\/wp-content\/uploads\/2024\/02\/closeup-economist-using-calculator-while-going-through-bills-taxes-office-edited-scaled.jpg 2560w, https:\/\/zyntern.com\/blog\/wp-content\/uploads\/2024\/02\/closeup-economist-using-calculator-while-going-through-bills-taxes-office-edited-300x169.jpg 300w, https:\/\/zyntern.com\/blog\/wp-content\/uploads\/2024\/02\/closeup-economist-using-calculator-while-going-through-bills-taxes-office-edited-1024x576.jpg 1024w, https:\/\/zyntern.com\/blog\/wp-content\/uploads\/2024\/02\/closeup-economist-using-calculator-while-going-through-bills-taxes-office-edited-768x432.jpg 768w, https:\/\/zyntern.com\/blog\/wp-content\/uploads\/2024\/02\/closeup-economist-using-calculator-while-going-through-bills-taxes-office-edited-1536x864.jpg 1536w, https:\/\/zyntern.com\/blog\/wp-content\/uploads\/2024\/02\/closeup-economist-using-calculator-while-going-through-bills-taxes-office-edited-2048x1152.jpg 2048w, https:\/\/zyntern.com\/blog\/wp-content\/uploads\/2024\/02\/closeup-economist-using-calculator-while-going-through-bills-taxes-office-edited-800x450.jpg 800w\" sizes=\"(max-width: 2560px) 100vw, 2560px\" \/><\/figure>\n\n\n\n<h2><strong>Milyen ad\u00f3k megfizet\u00e9s\u00e9re vagyunk k\u00f6telezve?<\/strong><\/h2>\n\n\n\n<p>\u00d6k\u00f6lszab\u00e1ly, hogy a brutt\u00f3 fizet\u00e9s\u00fcnk 66,5%-a a nett\u00f3nk, de mib\u0151l is tev\u0151dik \u00f6ssze az a marad\u00e9k 33,5%, amit sosem l\u00e1tunk viszont?<\/p>\n\n\n\n<ul><li><strong>15% SZJA:<\/strong> Haz\u00e1nkban a mag\u00e1nszem\u00e9lyeknek szem\u00e9lyi\u00a0j\u00f6vedelemad\u00f3t kell fizetni\u00fck minden megszerzett j\u00f6vedelm\u00fck ut\u00e1n. A SZJA k\u00f6telezetts\u00e9g hat\u00e1lya al\u00e1 nem csak a munkab\u00e9r tartozik, hanem az olyan egy\u00e9b kifizet\u00e9sek is, mint p\u00e9ld\u00e1ul a t\u0151zsdei nyeres\u00e9g. Az SZJA bevall\u00e1s tervezet\u00e9t a NAV k\u00e9sz\u00edti el, nek\u00fcnk csak \u00e1t kell n\u00e9zni \u00e9s j\u00f3v\u00e1hagyni az <a href=\"https:\/\/ugyfelkapu.gov.hu\/\" target=\"_blank\" rel=\"noreferrer noopener\">\u00dcgyf\u00e9lkapun kereszt\u00fcl<\/a>. <\/li><li><strong>18,5% egy\u00e9ni j\u00e1rul\u00e9k:<\/strong> A 10%-os nyugd\u00edjj\u00e1rul\u00e9kb\u00f3l, a 7%-os eg\u00e9szs\u00e9gbiztos\u00edt\u00e1si j\u00e1rul\u00e9kb\u00f3l, \u00e9s a 1,5%-os munkaer\u0151-piaci j\u00e1rul\u00e9kb\u00f3l tev\u0151dik \u00f6ssze.<\/li><\/ul>\n\n\n\n<div class=\"wp-container-1 is-content-justification-center wp-block-buttons\">\n<div class=\"wp-block-button\"><a class=\"wp-block-button__link has-background\" href=\"https:\/\/bank360.hu\/netto-brutto-kalkulator\" style=\"background-color:#d60a53\"><strong>Haszn\u00e1lj b\u00e9rkalkul\u00e1tort a fizet\u00e9sed kisz\u00e1m\u00edt\u00e1s\u00e1hoz!<\/strong><\/a><\/div>\n<\/div>\n\n\n\n<h2><strong>Ha tudsz, vegy\u00e9l ig\u00e9nybe ad\u00f3kedvezm\u00e9nyt!<\/strong><\/h2>\n\n\n\n<p>Bizonyos esetekben lehet\u0151s\u00e9g\u00fcnk van cs\u00f6kkenteni a r\u00e1nk terhelt ad\u00f3k mennyis\u00e9g\u00e9t. Mivel t\u00f6bbs\u00e9g\u00fckben sz\u00e1zal\u00e9kos kedvezm\u00e9nyekr\u0151l van sz\u00f3, nem mindegy a b\u00e1zis \u00e9rt\u00e9ke, ez\u00e9rt \u00e9rv\u00e9nyes\u00edt\u00e9s\u00fck sorrendje t\u00f6rv\u00e9nyileg meghat\u00e1rozott.<\/p>\n\n\n\n<ul><li><strong>25 \u00e9v alatti munkav\u00e1llal\u00f3k\u00a0SZJA-mentess\u00e9ge:<\/strong> A 25 \u00e9v alatti fiataloknak 2022. janu\u00e1r 1-t\u0151l nem kell SZJA-t fizetni\u00fck. A kedvezm\u00e9ny \u00e9rv\u00e9nyes\u00edt\u00e9s\u00e9t a fiatalnak nem kell k\u00e9rnie, azt a munk\u00e1ltat\u00f3, rendszeres bev\u00e9telt juttat\u00f3 kifizet\u0151 a jogosults\u00e1gi h\u00f3napokban automatikusan figyelembe veszi, kiv\u00e9ve, ha a fiatal nyilatkozatban k\u00e9ri a kedvezm\u00e9ny r\u00e9szleges vagy teljes mell\u0151z\u00e9s\u00e9t. Ha nem \u00e9rv\u00e9nyes\u00edti, akkor az ad\u00f3\u00e9vre vonatkoz\u00f3 SZJA-bevall\u00e1sban lehet ig\u00e9nybe venni.<\/li><li><strong>Els\u0151 h\u00e1zasok kedvezm\u00e9nye: <\/strong>Az els\u0151 h\u00e1zass\u00e1g\u00e1t k\u00f6t\u0151 h\u00e1zasp\u00e1r egy\u00fcttesen\u00a0havi nett\u00f3 5 000 forint ad\u00f3kedvezm\u00e9nyre jogosult a h\u00e1zass\u00e1gk\u00f6t\u00e9st\u0151l sz\u00e1m\u00edtott 24 h\u00f3napig. Aki a kicsit nem becs\u00fcli, a nagyot nem \u00e9rdemli: a kedvezm\u00e9ny \u00f6sszesen 120 000 Ft-tal gazdag\u00edtja a csal\u00e1d j\u00f6vedelm\u00e9t.<\/li><li><strong>30 \u00e9v alatti any\u00e1k kedvezm\u00e9nye:<\/strong> 2023-t\u00f3l a 25. \u00e9let\u00e9v\u00e9t bet\u00f6lt\u00f6tt fiatal anya a v\u00e9r szerinti vagy \u00f6r\u00f6kbe fogadott gyermeke ut\u00e1n, vagy magzat ut\u00e1n csal\u00e1di kedvezm\u00e9ny \u00e9rv\u00e9nyes\u00edt\u00e9s\u00e9re jogosult. \u00d6sszege havonta legfeljebb a KSH hivatalos k\u00f6zlem\u00e9nye szerinti, teljes munkaid\u0151ben alkalmaz\u00e1sban \u00e1ll\u00f3k t\u00e1rgy\u00e9vet megel\u0151z\u0151 \u00e9v j\u00falius h\u00f3napj\u00e1ra vonatkoz\u00f3 nemzetgazdas\u00e1gi szint\u0171 brutt\u00f3 \u00e1tlagkereset\u00e9nek \u00f6sszege. Ez egy csod\u00e1s jogi mondat volt, ami magyarul a k\u00f6vetkez\u0151t jelenti: 2023-ban h\u00f3naponk\u00e9nt 74 993\u00a0Ft, teljes \u00e9vre vonatkoz\u00f3an 899 914\u00a0Ft megtakar\u00edt\u00e1st jelentett.<\/li><li><strong>Szem\u00e9lyi kedvezm\u00e9nyek: <\/strong>T\u00f6bb kedvezm\u00e9nyt foglal mag\u00e1ba, de alapvet\u0151 l\u00e9nyege, hogy a s\u00falyos fogyat\u00e9koss\u00e1gnak min\u0151s\u00fcl\u0151 betegs\u00e9ggel \u00e9l\u0151k, tov\u00e1bb\u00e1 rokkants\u00e1gi j\u00e1rad\u00e9kban vagy fogyat\u00e9koss\u00e1gi t\u00e1mogat\u00e1sban r\u00e9szes\u00fcl\u0151k az \u00f6sszevont ad\u00f3alap terh\u00e9re kedvezm\u00e9nyt vehetnek ig\u00e9nybe.\u00a0A k\u00fcl\u00f6nf\u00e9le allergi\u00e1k \u00e9s \u00e9tel\u00e9rz\u00e9kenys\u00e9gek is ide sorolhat\u00f3ak, hiszen a gy\u00f3gyszerek, a speci\u00e1lis \u00e9trend mind mind t\u00f6bbletk\u00f6lts\u00e9ggel j\u00e1r. A betegs\u00e9g meg\u00e1llap\u00edt\u00e1s\u00e1t h\u00e1ziorvosn\u00e1l vagy szakorvosn\u00e1l kezdem\u00e9nyezhetj\u00fck.<\/li><li><strong>Csal\u00e1di ad\u00f3kedvezm\u00e9ny: <\/strong>A legelterjedtebb kedvezm\u00e9nyt\u00edpus. Fix \u00f6sszeg\u0171, de ig\u00e9nybev\u00e9tele f\u00fcgg a sz\u00fcl\u0151 j\u00f6vedelm\u00e9t\u0151l, mivel a kedvezm\u00e9nyt az ad\u00f3alapb\u00f3l lehet ig\u00e9nybe venni. Minden gyerek ut\u00e1n ig\u00e9nybe lehet venni, \u00e9s min\u00e9l t\u00f6bben vannak, ann\u00e1l magasabb. 2024-ben egy ut\u00e1n havi 66 670\u00a0Ft, kett\u0151 ut\u00e1n 133 330 Ft, h\u00e1rom ut\u00e1n 220 000 Ft j\u00e1r.<\/li><li><strong>N\u00e9gy vagy t\u00f6bb gyermeket nevel\u0151 any\u00e1k SZJA-mentess\u00e9ge:<\/strong> A\u00a0n\u00e9gy\u00a0vagy t\u00f6bbgyermekes \u00e9desany\u00e1k \u00e9let\u00fck v\u00e9g\u00e9ig mentes\u00fclnek az SZJA fizet\u00e9se al\u00f3l, mely a keres\u0151 tev\u00e9kenys\u00e9gb\u0151l sz\u00e1rmaz\u00f3 j\u00f6vedelm\u00fck ut\u00e1n j\u00e1r. A v\u00e9r szerinti \u00e9s az \u00f6r\u00f6kbefogadott, illetve a m\u00e1r feln\u0151tt gyermekek ut\u00e1n is j\u00e1r.<\/li><\/ul>\n\n\n\n<p class=\"has-text-align-center\"><strong>Az ad\u00f3 a munkaer\u0151piac szerves r\u00e9sze, megker\u00fclni lehet, de egy\u00e1ltal\u00e1n nem \u00e9rdemes. Ha bejelentett, jogilag tiszta munk\u00e1kra v\u00e1gysz, l\u00e1togass el a Zyntern.com-ra, ahol megb\u00edzhat\u00f3 hazai \u00e9s nemzetk\u00f6zi c\u00e9gek lehet\u0151s\u00e9gei k\u00f6z\u00f6tt keresg\u00e9lhetsz!<\/strong><\/p>\n\n\n\n<div class=\"wp-container-2 is-content-justification-center wp-block-buttons\">\n<div class=\"wp-block-button\"><a class=\"wp-block-button__link has-background\" href=\"https:\/\/zyntern.com\/\" style=\"background-color:#d60a53\" target=\"_blank\" rel=\"noreferrer noopener\"><strong>N\u00e9zd meg \u00e1ll\u00e1shirdet\u00e9seinket!<\/strong><\/a><\/div>\n<\/div>\n","protected":false},"excerpt":{"rendered":"<p>Minden tisztess\u00e9ges munkav\u00e1llal\u00f3t sz\u00e1mtalan ad\u00f3 kem\u00e9nyen s\u00falyt, de szerencs\u00e9re l\u00e9teznek kedvezm\u00e9nyek is, melyekkel \u00e9rdemes \u00e9ln\u00fcnk. Nett\u00f3 \u00e9s brutt\u00f3 A brutt\u00f3-nett\u00f3 b\u00e9r fogalma m\u00e1r mindenkibe beleiv\u00f3dott. A v\u00e9gletekig leegyszer\u0171s\u00edtve a nett\u00f3 az, amit az ad\u00f3z\u00e1si k\u00f6telezetts\u00e9g teljes\u00edt\u00e9se ut\u00e1n t\u00e9nylegesen k\u00e9zhez kapunk a h\u00f3nap v\u00e9g\u00e9n. A munkaszerz\u0151d\u00e9sekben mindig a brutt\u00f3 b\u00e9r \u00f6sszeg\u00e9t kell felt\u0171ntetni, \u00e9s b\u00e9rt\u00e1rgyal\u00e1s sor\u00e1n [&hellip;]<\/p>\n","protected":false},"author":23,"featured_media":14000,"comment_status":"closed","ping_status":"closed","sticky":false,"template":"","format":"standard","meta":[],"categories":[47],"tags":[],"yoast_head":"<!-- This site is optimized with the Yoast SEO plugin v20.6 - https:\/\/yoast.com\/wordpress\/plugins\/seo\/ -->\n<title>Mennyi ad\u00f3 terhel minket, \u00e9s milyen kedvezm\u00e9nyek l\u00e9teznek?<\/title>\n<meta name=\"description\" content=\"Minden tisztess\u00e9ges munkav\u00e1llal\u00f3t sz\u00e1mtalan ad\u00f3 kem\u00e9nyen s\u00falyt, de szerencs\u00e9re l\u00e9teznek kedvezm\u00e9nyek is, melyekkel \u00e9rdemes \u00e9ln\u00fcnk.\" \/>\n<meta name=\"robots\" content=\"index, follow, max-snippet:-1, max-image-preview:large, max-video-preview:-1\" \/>\n<link rel=\"canonical\" href=\"https:\/\/zyntern.com\/blog\/mennyi-ado-terhel-minket-es-milyen-kedvezmenyek-leteznek\/\" \/>\n<meta property=\"og:locale\" content=\"hu_HU\" \/>\n<meta property=\"og:type\" content=\"article\" \/>\n<meta property=\"og:title\" content=\"Mennyi ad\u00f3 terhel minket, \u00e9s milyen kedvezm\u00e9nyek l\u00e9teznek?\" \/>\n<meta property=\"og:description\" content=\"Minden tisztess\u00e9ges munkav\u00e1llal\u00f3t sz\u00e1mtalan ad\u00f3 kem\u00e9nyen s\u00falyt, de szerencs\u00e9re l\u00e9teznek kedvezm\u00e9nyek is, melyekkel \u00e9rdemes \u00e9ln\u00fcnk.\" \/>\n<meta property=\"og:url\" content=\"https:\/\/zyntern.com\/blog\/mennyi-ado-terhel-minket-es-milyen-kedvezmenyek-leteznek\/\" \/>\n<meta property=\"og:site_name\" content=\"Zyntern.com Blog\" \/>\n<meta property=\"article:publisher\" content=\"https:\/\/www.facebook.com\/zyntern\" \/>\n<meta property=\"article:published_time\" content=\"2024-02-16T14:18:55+00:00\" \/>\n<meta property=\"article:modified_time\" content=\"2024-02-16T14:18:56+00:00\" \/>\n<meta property=\"og:image\" content=\"https:\/\/zyntern.com\/blog\/wp-content\/uploads\/2024\/02\/adok.png\" \/>\n\t<meta property=\"og:image:width\" content=\"1080\" \/>\n\t<meta property=\"og:image:height\" content=\"1080\" \/>\n\t<meta property=\"og:image:type\" content=\"image\/png\" \/>\n<meta name=\"author\" content=\"Varajti M\u00e1t\u00e9\" \/>\n<meta name=\"twitter:card\" content=\"summary_large_image\" \/>\n<meta name=\"twitter:label1\" content=\"Szerz\u0151:\" \/>\n\t<meta name=\"twitter:data1\" content=\"Varajti M\u00e1t\u00e9\" \/>\n\t<meta name=\"twitter:label2\" content=\"Becs\u00fclt olvas\u00e1si id\u0151\" \/>\n\t<meta name=\"twitter:data2\" content=\"4 perc\" \/>\n<script type=\"application\/ld+json\" class=\"yoast-schema-graph\">{\"@context\":\"https:\/\/schema.org\",\"@graph\":[{\"@type\":\"Article\",\"@id\":\"https:\/\/zyntern.com\/blog\/mennyi-ado-terhel-minket-es-milyen-kedvezmenyek-leteznek\/#article\",\"isPartOf\":{\"@id\":\"https:\/\/zyntern.com\/blog\/mennyi-ado-terhel-minket-es-milyen-kedvezmenyek-leteznek\/\"},\"author\":{\"name\":\"Varajti M\u00e1t\u00e9\",\"@id\":\"https:\/\/zyntern.com\/blog\/#\/schema\/person\/47f6e4ed4a31f19be3664c9374e23848\"},\"headline\":\"Mennyi ad\u00f3 terhel minket, \u00e9s milyen kedvezm\u00e9nyek l\u00e9teznek?\",\"datePublished\":\"2024-02-16T14:18:55+00:00\",\"dateModified\":\"2024-02-16T14:18:56+00:00\",\"mainEntityOfPage\":{\"@id\":\"https:\/\/zyntern.com\/blog\/mennyi-ado-terhel-minket-es-milyen-kedvezmenyek-leteznek\/\"},\"wordCount\":907,\"publisher\":{\"@id\":\"https:\/\/zyntern.com\/blog\/#organization\"},\"articleSection\":[\"Karriertippek P\u00e1lyakezd\u0151knek\"],\"inLanguage\":\"hu\"},{\"@type\":\"WebPage\",\"@id\":\"https:\/\/zyntern.com\/blog\/mennyi-ado-terhel-minket-es-milyen-kedvezmenyek-leteznek\/\",\"url\":\"https:\/\/zyntern.com\/blog\/mennyi-ado-terhel-minket-es-milyen-kedvezmenyek-leteznek\/\",\"name\":\"Mennyi ad\u00f3 terhel minket, \u00e9s milyen kedvezm\u00e9nyek l\u00e9teznek?\",\"isPartOf\":{\"@id\":\"https:\/\/zyntern.com\/blog\/#website\"},\"datePublished\":\"2024-02-16T14:18:55+00:00\",\"dateModified\":\"2024-02-16T14:18:56+00:00\",\"description\":\"Minden tisztess\u00e9ges munkav\u00e1llal\u00f3t sz\u00e1mtalan ad\u00f3 kem\u00e9nyen s\u00falyt, de szerencs\u00e9re l\u00e9teznek kedvezm\u00e9nyek is, melyekkel \u00e9rdemes \u00e9ln\u00fcnk.\",\"breadcrumb\":{\"@id\":\"https:\/\/zyntern.com\/blog\/mennyi-ado-terhel-minket-es-milyen-kedvezmenyek-leteznek\/#breadcrumb\"},\"inLanguage\":\"hu\",\"potentialAction\":[{\"@type\":\"ReadAction\",\"target\":[\"https:\/\/zyntern.com\/blog\/mennyi-ado-terhel-minket-es-milyen-kedvezmenyek-leteznek\/\"]}]},{\"@type\":\"BreadcrumbList\",\"@id\":\"https:\/\/zyntern.com\/blog\/mennyi-ado-terhel-minket-es-milyen-kedvezmenyek-leteznek\/#breadcrumb\",\"itemListElement\":[{\"@type\":\"ListItem\",\"position\":1,\"name\":\"Home\",\"item\":\"https:\/\/zyntern.com\/blog\/\"},{\"@type\":\"ListItem\",\"position\":2,\"name\":\"Mennyi ad\u00f3 terhel minket, \u00e9s milyen kedvezm\u00e9nyek l\u00e9teznek?\"}]},{\"@type\":\"WebSite\",\"@id\":\"https:\/\/zyntern.com\/blog\/#website\",\"url\":\"https:\/\/zyntern.com\/blog\/\",\"name\":\"Zyntern.com Blog\",\"description\":\"Tippek \u00e9s tr\u00fckk\u00f6k az \u00e1ll\u00e1skeres\u00e9sr\u00f3l minden p\u00e1lyakezd\u0151 sz\u00e1m\u00e1ra egyenesen a Zyntern.com szak\u00e9rt\u0151i csapat\u00e1t\u00f3l. K\u00e9sz\u00fclj fel vel\u00fcnk a karrierutadra!\",\"publisher\":{\"@id\":\"https:\/\/zyntern.com\/blog\/#organization\"},\"potentialAction\":[{\"@type\":\"SearchAction\",\"target\":{\"@type\":\"EntryPoint\",\"urlTemplate\":\"https:\/\/zyntern.com\/blog\/?s={search_term_string}\"},\"query-input\":\"required name=search_term_string\"}],\"inLanguage\":\"hu\"},{\"@type\":\"Organization\",\"@id\":\"https:\/\/zyntern.com\/blog\/#organization\",\"name\":\"Zyntern.com\",\"url\":\"https:\/\/zyntern.com\/blog\/\",\"logo\":{\"@type\":\"ImageObject\",\"inLanguage\":\"hu\",\"@id\":\"https:\/\/zyntern.com\/blog\/#\/schema\/logo\/image\/\",\"url\":\"https:\/\/zyntern.com\/blog\/wp-content\/uploads\/2020\/06\/ZY-BLOG-LOGO-U\u0301J-1.png\",\"contentUrl\":\"https:\/\/zyntern.com\/blog\/wp-content\/uploads\/2020\/06\/ZY-BLOG-LOGO-U\u0301J-1.png\",\"width\":1000,\"height\":300,\"caption\":\"Zyntern.com\"},\"image\":{\"@id\":\"https:\/\/zyntern.com\/blog\/#\/schema\/logo\/image\/\"},\"sameAs\":[\"https:\/\/www.facebook.com\/zyntern\",\"https:\/\/www.instagram.com\/z.y.ntern\/\",\"https:\/\/www.linkedin.com\/company\/zyntern\/\",\"https:\/\/www.youtube.com\/channel\/UCIzCOOufS8cD1x4em9BuI2g\"]},{\"@type\":\"Person\",\"@id\":\"https:\/\/zyntern.com\/blog\/#\/schema\/person\/47f6e4ed4a31f19be3664c9374e23848\",\"name\":\"Varajti M\u00e1t\u00e9\",\"url\":\"https:\/\/zyntern.com\/blog\/author\/varajti_mate\/\"}]}<\/script>\n<!-- \/ Yoast SEO plugin. -->","yoast_head_json":{"title":"Mennyi ad\u00f3 terhel minket, \u00e9s milyen kedvezm\u00e9nyek l\u00e9teznek?","description":"Minden tisztess\u00e9ges munkav\u00e1llal\u00f3t sz\u00e1mtalan ad\u00f3 kem\u00e9nyen s\u00falyt, de szerencs\u00e9re l\u00e9teznek kedvezm\u00e9nyek is, melyekkel \u00e9rdemes \u00e9ln\u00fcnk.","robots":{"index":"index","follow":"follow","max-snippet":"max-snippet:-1","max-image-preview":"max-image-preview:large","max-video-preview":"max-video-preview:-1"},"canonical":"https:\/\/zyntern.com\/blog\/mennyi-ado-terhel-minket-es-milyen-kedvezmenyek-leteznek\/","og_locale":"hu_HU","og_type":"article","og_title":"Mennyi ad\u00f3 terhel minket, \u00e9s milyen kedvezm\u00e9nyek l\u00e9teznek?","og_description":"Minden tisztess\u00e9ges munkav\u00e1llal\u00f3t sz\u00e1mtalan ad\u00f3 kem\u00e9nyen s\u00falyt, de szerencs\u00e9re l\u00e9teznek kedvezm\u00e9nyek is, melyekkel \u00e9rdemes \u00e9ln\u00fcnk.","og_url":"https:\/\/zyntern.com\/blog\/mennyi-ado-terhel-minket-es-milyen-kedvezmenyek-leteznek\/","og_site_name":"Zyntern.com Blog","article_publisher":"https:\/\/www.facebook.com\/zyntern","article_published_time":"2024-02-16T14:18:55+00:00","article_modified_time":"2024-02-16T14:18:56+00:00","og_image":[{"width":1080,"height":1080,"url":"https:\/\/zyntern.com\/blog\/wp-content\/uploads\/2024\/02\/adok.png","type":"image\/png"}],"author":"Varajti M\u00e1t\u00e9","twitter_card":"summary_large_image","twitter_misc":{"Szerz\u0151:":"Varajti M\u00e1t\u00e9","Becs\u00fclt olvas\u00e1si id\u0151":"4 perc"},"schema":{"@context":"https:\/\/schema.org","@graph":[{"@type":"Article","@id":"https:\/\/zyntern.com\/blog\/mennyi-ado-terhel-minket-es-milyen-kedvezmenyek-leteznek\/#article","isPartOf":{"@id":"https:\/\/zyntern.com\/blog\/mennyi-ado-terhel-minket-es-milyen-kedvezmenyek-leteznek\/"},"author":{"name":"Varajti M\u00e1t\u00e9","@id":"https:\/\/zyntern.com\/blog\/#\/schema\/person\/47f6e4ed4a31f19be3664c9374e23848"},"headline":"Mennyi ad\u00f3 terhel minket, \u00e9s milyen kedvezm\u00e9nyek l\u00e9teznek?","datePublished":"2024-02-16T14:18:55+00:00","dateModified":"2024-02-16T14:18:56+00:00","mainEntityOfPage":{"@id":"https:\/\/zyntern.com\/blog\/mennyi-ado-terhel-minket-es-milyen-kedvezmenyek-leteznek\/"},"wordCount":907,"publisher":{"@id":"https:\/\/zyntern.com\/blog\/#organization"},"articleSection":["Karriertippek P\u00e1lyakezd\u0151knek"],"inLanguage":"hu"},{"@type":"WebPage","@id":"https:\/\/zyntern.com\/blog\/mennyi-ado-terhel-minket-es-milyen-kedvezmenyek-leteznek\/","url":"https:\/\/zyntern.com\/blog\/mennyi-ado-terhel-minket-es-milyen-kedvezmenyek-leteznek\/","name":"Mennyi ad\u00f3 terhel minket, \u00e9s milyen kedvezm\u00e9nyek l\u00e9teznek?","isPartOf":{"@id":"https:\/\/zyntern.com\/blog\/#website"},"datePublished":"2024-02-16T14:18:55+00:00","dateModified":"2024-02-16T14:18:56+00:00","description":"Minden tisztess\u00e9ges munkav\u00e1llal\u00f3t sz\u00e1mtalan ad\u00f3 kem\u00e9nyen s\u00falyt, de szerencs\u00e9re l\u00e9teznek kedvezm\u00e9nyek is, melyekkel \u00e9rdemes \u00e9ln\u00fcnk.","breadcrumb":{"@id":"https:\/\/zyntern.com\/blog\/mennyi-ado-terhel-minket-es-milyen-kedvezmenyek-leteznek\/#breadcrumb"},"inLanguage":"hu","potentialAction":[{"@type":"ReadAction","target":["https:\/\/zyntern.com\/blog\/mennyi-ado-terhel-minket-es-milyen-kedvezmenyek-leteznek\/"]}]},{"@type":"BreadcrumbList","@id":"https:\/\/zyntern.com\/blog\/mennyi-ado-terhel-minket-es-milyen-kedvezmenyek-leteznek\/#breadcrumb","itemListElement":[{"@type":"ListItem","position":1,"name":"Home","item":"https:\/\/zyntern.com\/blog\/"},{"@type":"ListItem","position":2,"name":"Mennyi ad\u00f3 terhel minket, \u00e9s milyen kedvezm\u00e9nyek l\u00e9teznek?"}]},{"@type":"WebSite","@id":"https:\/\/zyntern.com\/blog\/#website","url":"https:\/\/zyntern.com\/blog\/","name":"Zyntern.com Blog","description":"Tippek \u00e9s tr\u00fckk\u00f6k az \u00e1ll\u00e1skeres\u00e9sr\u00f3l minden p\u00e1lyakezd\u0151 sz\u00e1m\u00e1ra egyenesen a Zyntern.com szak\u00e9rt\u0151i csapat\u00e1t\u00f3l. K\u00e9sz\u00fclj fel vel\u00fcnk a karrierutadra!","publisher":{"@id":"https:\/\/zyntern.com\/blog\/#organization"},"potentialAction":[{"@type":"SearchAction","target":{"@type":"EntryPoint","urlTemplate":"https:\/\/zyntern.com\/blog\/?s={search_term_string}"},"query-input":"required name=search_term_string"}],"inLanguage":"hu"},{"@type":"Organization","@id":"https:\/\/zyntern.com\/blog\/#organization","name":"Zyntern.com","url":"https:\/\/zyntern.com\/blog\/","logo":{"@type":"ImageObject","inLanguage":"hu","@id":"https:\/\/zyntern.com\/blog\/#\/schema\/logo\/image\/","url":"https:\/\/zyntern.com\/blog\/wp-content\/uploads\/2020\/06\/ZY-BLOG-LOGO-U\u0301J-1.png","contentUrl":"https:\/\/zyntern.com\/blog\/wp-content\/uploads\/2020\/06\/ZY-BLOG-LOGO-U\u0301J-1.png","width":1000,"height":300,"caption":"Zyntern.com"},"image":{"@id":"https:\/\/zyntern.com\/blog\/#\/schema\/logo\/image\/"},"sameAs":["https:\/\/www.facebook.com\/zyntern","https:\/\/www.instagram.com\/z.y.ntern\/","https:\/\/www.linkedin.com\/company\/zyntern\/","https:\/\/www.youtube.com\/channel\/UCIzCOOufS8cD1x4em9BuI2g"]},{"@type":"Person","@id":"https:\/\/zyntern.com\/blog\/#\/schema\/person\/47f6e4ed4a31f19be3664c9374e23848","name":"Varajti M\u00e1t\u00e9","url":"https:\/\/zyntern.com\/blog\/author\/varajti_mate\/"}]}},"_links":{"self":[{"href":"https:\/\/zyntern.com\/blog\/wp-json\/wp\/v2\/posts\/13984"}],"collection":[{"href":"https:\/\/zyntern.com\/blog\/wp-json\/wp\/v2\/posts"}],"about":[{"href":"https:\/\/zyntern.com\/blog\/wp-json\/wp\/v2\/types\/post"}],"author":[{"embeddable":true,"href":"https:\/\/zyntern.com\/blog\/wp-json\/wp\/v2\/users\/23"}],"replies":[{"embeddable":true,"href":"https:\/\/zyntern.com\/blog\/wp-json\/wp\/v2\/comments?post=13984"}],"version-history":[{"count":13,"href":"https:\/\/zyntern.com\/blog\/wp-json\/wp\/v2\/posts\/13984\/revisions"}],"predecessor-version":[{"id":13999,"href":"https:\/\/zyntern.com\/blog\/wp-json\/wp\/v2\/posts\/13984\/revisions\/13999"}],"wp:featuredmedia":[{"embeddable":true,"href":"https:\/\/zyntern.com\/blog\/wp-json\/wp\/v2\/media\/14000"}],"wp:attachment":[{"href":"https:\/\/zyntern.com\/blog\/wp-json\/wp\/v2\/media?parent=13984"}],"wp:term":[{"taxonomy":"category","embeddable":true,"href":"https:\/\/zyntern.com\/blog\/wp-json\/wp\/v2\/categories?post=13984"},{"taxonomy":"post_tag","embeddable":true,"href":"https:\/\/zyntern.com\/blog\/wp-json\/wp\/v2\/tags?post=13984"}],"curies":[{"name":"wp","href":"https:\/\/api.w.org\/{rel}","templated":true}]}}