{"id":3309,"date":"2020-07-13T13:23:16","date_gmt":"2020-07-13T12:23:16","guid":{"rendered":"https:\/\/zyntern.com\/blog?p=3309"},"modified":"2020-12-09T15:16:11","modified_gmt":"2020-12-09T14:16:11","slug":"mennyiazannyi","status":"publish","type":"post","link":"https:\/\/zyntern.com\/blog\/mennyiazannyi\/","title":{"rendered":"Mennyi az annyi? P\u00e1lyakezd\u0151 fizet\u00e9si elk\u00e9pzel\u00e9sek \u00e9s a val\u00f3s\u00e1g- Zyntern kutat\u00e1s 2020"},"content":{"rendered":"\n<p><strong>K\u00edv\u00e1ncsi vagy mennyi p\u00e9nzt \u00e9r a szakt\u00e1rsaid szerint a diplom\u00e1tok? Melyik szakon v\u00e9gzettek keresn\u00e9nek 300 ezer nett\u00f3 felett \u00e9s kik azok, akik 200 ezerrel is be\u00e9rik? <strong>A m\u00e9rn\u00f6k\u00f6k m\u00e1sf\u00e9lszer annyit keresn\u00e9nek, mint a b\u00f6lcs\u00e9szek, a l\u00e1nyok pedig \u00e1ltal\u00e1ban j\u00f3val kevesebbet k\u00e9rnek.<\/strong><\/strong> <strong>A Te fizet\u00e9sed megfelel az ig\u00e9nyeidnek?<\/strong><\/p>\n\n\n\n<p>Az el\u0151ad\u00e1sokon \u00fclve gyakran nyugtatod magad azzal, hogy meg\u00e9ri ez a sok szenved\u00e9s, mert majd az els\u0151 fizet\u00e9sed megvigasztal? A Zyntern.com \u00c1ll\u00e1sport\u00e1l <a href=\"https:\/\/zyntern.com\/blogpalyakezdo-berigeny-korkep-es-20-os-nemek-kozotti-berigeny-szakadek-orszagos-kutatas-eredmenyei\/\">2020-as kutat\u00e1s\u00e1b\u00f3l<\/a> kider\u00fclt, hogy mennyit keresn\u00e9nek a frissdiplom\u00e1s fiatalok.<\/p>\n\n\n\n<h2><strong>\u00c1tlagosan<\/strong><\/h2>\n\n\n\n<div class=\"wp-block-image\"><figure class=\"alignleft size-large is-resized\"><img fetchpriority=\"high\" src=\"https:\/\/zyntern.com\/blogwp-content\/uploads\/2020\/06\/\u00c1tlagos-nett\u00f3-b\u00e9rig\u00e9ny.png\" alt=\"\u00e1tlagos nett\u00f3 b\u00e9rig\u00e9ny eloszl\u00e1sa\" class=\"wp-image-3190\" width=\"550\" height=\"410\"\/><\/figure><\/div>\n\n\n\n<h3><strong>Elk\u00e9pzel\u00e9sek<\/strong><\/h3>\n\n\n\n<p>Ha megk\u00e9rdez\u00fcnk egy p\u00e1lyakezd\u0151t, hogy mennyit szeretne keresni, az \u0151szinte v\u00e1lasz az, hogy sokat. Nem b\u00e1nn\u00e1nk azt sem, ha milli\u00f3kat tal\u00e1ln\u00e1nk a sz\u00e1ml\u00e1nkon, elv\u00e9gre k\u00f6ztudottan nincs az az \u00f6sszeg, amit egy egyetemista ne tudna elsz\u00f3rni. A realit\u00e1s talaj\u00e1n maradva azonban elmondhat\u00f3, hogy a v\u00e1laszad\u00f3<strong> fiatalok \u00e1tlagos fizet\u00e9si ig\u00e9nye nett\u00f3 242 500 Ft. <\/strong>S\u0151t <strong>a megk\u00e9rdezettek 47%-a szeretne legal\u00e1bb nett\u00f3 250 000 Ft-ot hazavinni havonta.&nbsp;&nbsp;<\/strong><\/p>\n\n\n\n<p>Na, de vajon mennyire re\u00e1lisak ezek az ig\u00e9nyek?<\/p>\n\n\n\n<h3><strong>Val\u00f3s\u00e1g<\/strong><\/h3>\n\n\n\n<p>A<a href=\"https:\/\/www.ksh.hu\/docs\/hun\/xftp\/gyor\/ker\/ker2004.html\"> KSH adatai szerint 2020-ban<\/a> a <strong>25 \u00e9v alattiak<\/strong> (koroszt\u00e1ly szerint kv\u00e1zi p\u00e1lyakezd\u0151k, de nem 100%-ig h\u00fazhat\u00f3 egyenl\u0151s\u00e9g) \u00e1tlagos brutt\u00f3 j\u00f6vedelme 283 900 Ft, ami <strong>nett\u00f3 188 000 Ft.<\/strong> Ebb\u0151l l\u00e1tszik, hogy a fiatalok ig\u00e9nyei sok esetben nem esnek egybe a piaci viszonyokkal. Hi\u00e1ba szeretn\u00e9 valaki az egyetemr\u0151l kiker\u00fclve degeszre keresni mag\u00e1t, a val\u00f3s\u00e1gban ez nem mindig ilyen egyszer\u0171. Pl\u00e1ne b\u00f6lcs\u00e9szk\u00e9nt!<\/p>\n\n\n\n<h2><strong>Szakter\u00fcletenk\u00e9nt<\/strong><\/h2>\n\n\n\n<div class=\"wp-block-image\"><figure class=\"alignright size-large is-resized\"><img src=\"https:\/\/zyntern.com\/blogwp-content\/uploads\/2020\/06\/\u00c1tlagos-nett\u00f3-b\u00e9rig\u00e9ny-szakter\u00fcletek-szerint.png\" alt=\"\u00e1tlagos nett\u00f3 b\u00e9ri\u00e9ny szakter\u00fcletek szerint\" class=\"wp-image-3201\" width=\"540\" height=\"404\" srcset=\"https:\/\/zyntern.com\/blog\/wp-content\/uploads\/2020\/06\/\u00c1tlagos-nett\u00f3-b\u00e9rig\u00e9ny-szakter\u00fcletek-szerint.png 962w, https:\/\/zyntern.com\/blog\/wp-content\/uploads\/2020\/06\/\u00c1tlagos-nett\u00f3-b\u00e9rig\u00e9ny-szakter\u00fcletek-szerint-300x225.png 300w, https:\/\/zyntern.com\/blog\/wp-content\/uploads\/2020\/06\/\u00c1tlagos-nett\u00f3-b\u00e9rig\u00e9ny-szakter\u00fcletek-szerint-768x575.png 768w\" sizes=\"(max-width: 540px) 100vw, 540px\" \/><\/figure><\/div>\n\n\n\n<p>A <strong>m\u00e9rn\u00f6k\u00f6k<\/strong> sz\u00e1m\u00edtanak a legt\u00f6bb p\u00e9nzre munk\u00e1ba \u00e1ll\u00e1skor, nagy r\u00e9sz\u00fck (39%) 300 000 Ft al\u00e1 nem adn\u00e1, de a legb\u00e1trabbak (17%) egyenesen 350 000 ft felett keresn\u00e9nek. Az \u00e1tlag pedig <strong>287 000 Ft<\/strong> k\u00f6r\u00fcli nett\u00f3 fizet\u00e9ssel sz\u00e1mol. Az <strong>IT<\/strong>-sok a m\u00e1sodik legoptimist\u00e1bbak, \u0151k <strong>265 000 Ft <\/strong>k\u00f6r\u00fclre saccolj\u00e1k a kezd\u0151 fizet\u00e9s\u00fcket. Az, hogy ezek re\u00e1lis elk\u00e9pzel\u00e9sek vagy v\u00e1gy\u00e1lmok egy m\u00e1sik k\u00e9rd\u00e9s.<\/p>\n\n\n\n<p>Ezzel szemben a <strong>b\u00f6lcs\u00e9szek<\/strong> t\u00f6bbs\u00e9ge <strong>206 000 Ft-al<\/strong> sz\u00e1mol. Ezek alapj\u00e1n nem csoda, a sok mekis po\u00e9n ezen szakok k\u00f6r\u00e9ben. De nem sokkal v\u00e1rnak t\u00f6bbet a <strong>jog\u00e1szok<\/strong> sem, kiknek <strong>37%-a 200 000 Ft alatti <\/strong>fizet\u00e9si ig\u00e9nyt fogalmazott meg. Lehet ezek ut\u00e1n megfordul a fej\u00fckben, hogy gyorsan \u00e1tiratkoznak a m\u00e9rn\u00f6kinformatikus k\u00e9pz\u00e9sre.<\/p>\n\n\n\n<h3><strong>Lok\u00e1ci\u00f3 szerint<\/strong><\/h3>\n\n\n\n<p>A vid\u00e9kiek \u00e1tlagosan kevesebb p\u00e9nzt k\u00e9rn\u00e9nek, mint f\u0151v\u00e1rosi t\u00e1rsaik. M\u00edg a <strong>budapestiek<\/strong> \u00e1tlagosan <strong>251 000 Ft kezd\u0151 fizet\u00e9st<\/strong> v\u00e1rnak, a <strong>vid\u00e9kiekn\u00e9l<\/strong> ugyanez <strong>230 000 Ft<\/strong> k\u00f6r\u00fcl mozog.<\/p>\n\n\n\n<h3><strong>Nemek szerint<\/strong><\/h3>\n\n\n\n<div class=\"wp-block-image\"><figure class=\"alignleft size-large is-resized\"><img src=\"https:\/\/zyntern.com\/blogwp-content\/uploads\/2020\/06\/V\u00e1laszad\u00f3-f\u00e9rfiak-\u00e9s-n\u0151k-nett\u00f3-b\u00e9rig\u00e9ny\u00e9nek-megoszl\u00e1sa-szakter\u00fclet-szerint.png\" alt=\"n\u0151k \u00e9s f\u00e9rfiak \u00e1tlagos nett\u00f3 b\u00e9rig\u00e9nye szakter\u00fcletek szerint\" class=\"wp-image-3211\" width=\"467\" height=\"349\" srcset=\"https:\/\/zyntern.com\/blog\/wp-content\/uploads\/2020\/06\/V\u00e1laszad\u00f3-f\u00e9rfiak-\u00e9s-n\u0151k-nett\u00f3-b\u00e9rig\u00e9ny\u00e9nek-megoszl\u00e1sa-szakter\u00fclet-szerint.png 962w, https:\/\/zyntern.com\/blog\/wp-content\/uploads\/2020\/06\/V\u00e1laszad\u00f3-f\u00e9rfiak-\u00e9s-n\u0151k-nett\u00f3-b\u00e9rig\u00e9ny\u00e9nek-megoszl\u00e1sa-szakter\u00fclet-szerint-300x225.png 300w, https:\/\/zyntern.com\/blog\/wp-content\/uploads\/2020\/06\/V\u00e1laszad\u00f3-f\u00e9rfiak-\u00e9s-n\u0151k-nett\u00f3-b\u00e9rig\u00e9ny\u00e9nek-megoszl\u00e1sa-szakter\u00fclet-szerint-768x575.png 768w\" sizes=\"(max-width: 467px) 100vw, 467px\" \/><\/figure><\/div>\n\n\n\n<p>\u00c9rdekes, hogy a <strong>l\u00e1nyok \u00e1tlagosan kevesebb p\u00e9nzzel is be\u00e9rik<\/strong>, vagy legal\u00e1bb is a kutat\u00e1s alapj\u00e1n <strong>kevesebbet mern\u00e9nek k\u00e9rni.<\/strong> A csajok \u00e1tlagosan 223 000 Ft-tal lenn\u00e9nek el\u00e9gedettek, m\u00edg a sr\u00e1cok 273 000 Ft k\u00f6r\u00fcli fizuban rem\u00e9nykednek. Ez k\u00f6zel <strong>18.5%-os k\u00fcl\u00f6nbs\u00e9g<\/strong>, vagyis mondhatjuk, hogy sz\u00e1mottev\u0151. Szakter\u00fcletek szerint az egyik <strong>legnagyobb k\u00fcl\u00f6nbs\u00e9g a m\u00e9rn\u00f6k\u00f6kn\u00e9l <\/strong>figyelhet\u0151 meg, ott a h\u00f6lgyek 16,5%-al kevesebb p\u00e9nzt k\u00e9rn\u00e9nek a munk\u00e1juk\u00e9rt, de a k\u00f6zgazd\u00e1sz l\u00e1nyok is 16%-al szer\u00e9nyebbek, mint a fi\u00fa szakt\u00e1rsaik. Egym\u00e1shoz <strong>legk\u00f6zelebb a b\u00f6lcs\u00e9sz diplom\u00e1sok<\/strong> \u00e1llnak, ott csup\u00e1n 3%-os k\u00fcl\u00f6nbs\u00e9g j\u00f6tt ki. De <strong>az IT-s l\u00e1nyok se sokkal f\u00e9l\u0151sebbek<\/strong>, 6%-al k\u00e9rn\u00e9nek kevesebb p\u00e9nzt a fi\u00fakn\u00e1l.<\/p>\n\n\n\n<p>B\u00e1r az ig\u00e9nyekn\u00e9l megjelennek jelent\u0151s k\u00fcl\u00f6nbs\u00e9gek a nemek k\u00f6z\u00f6tt, ez nem jelenti azt, hogy a gyakorlatban a c\u00e9gek nemi alapon differenci\u00e1ln\u00e1k az alkalmazottjaik fizet\u00e9s\u00e9t.&nbsp;&nbsp;<\/p>\n\n\n\n<div class=\"wp-block-image\"><figure class=\"alignright size-large\"><img loading=\"lazy\" width=\"480\" height=\"270\" src=\"https:\/\/zyntern.com\/blogwp-content\/uploads\/2020\/07\/giphy.gif\" alt=\"diploma \u00e1ttv\u00e9tel\" class=\"wp-image-3324\"\/><\/figure><\/div>\n\n\n\n<p>Els\u0151 \u00e1ll\u00e1sinterj\u00fad el\u0151tt teh\u00e1t \u00e9rdemes ezeket a sz\u00e1mokat szem el\u0151tt tartva \u00e1tgondolnod saj\u00e1t fizet\u00e9si ig\u00e9nyeid. Arra viszont sajnos fel kell k\u00e9sz\u00fcln\u00f6d, hogy ezek az adatok nem a val\u00f3s fizet\u00e9seket t\u00fckr\u00f6zik, sz\u00f3val \u00e9rhetnek csal\u00f3d\u00e1sok. Fizet\u00e9si kil\u00e1t\u00e1saidat lecsekkolhatod a<a href=\"https:\/\/www.felvi.hu\/\"> Felvi.hu-n<\/a> szakonk\u00e9nt vagy a<a href=\"https:\/\/www.fizetesek.hu\/fizetesek\"> fizetesek.hu-n<\/a> poz\u00edci\u00f3nk\u00e9nt. Valamint, ha sz\u00edvesen matekozn\u00e1l a brutt\u00f3-nett\u00f3 sz\u00e1mokkal, a<a href=\"https:\/\/www.hrportal.hu\/berkalkulator_2019.html\"> b\u00e9rkalkul\u00e1tor<\/a> seg\u00edt neked!<\/p>\n\n\n\n<h2><strong>Ha pedig nemcsak olvasn\u00e1l a fizet\u00e9sekr\u0151l, hanem meg is keresn\u00e9d, akkor regisztr\u00e1lj oldalunkra \u00e9s tal\u00e1ld meg \u00e1lmaid \u00e1ll\u00e1s\u00e1t!<\/strong><\/h2>\n\n\n\n<div class=\"wp-container-1 wp-block-buttons aligncenter\">\n<div class=\"wp-block-button\"><a class=\"wp-block-button__link has-background\" href=\"https:\/\/zyntern.com\/\" style=\"background-color:#df1b4f\">MEGN\u00c9ZEM A ZYNTERN.COM-OT!<\/a><\/div>\n<\/div>\n","protected":false},"excerpt":{"rendered":"<p>K\u00edv\u00e1ncsi vagy mennyi p\u00e9nzre sz\u00e1m\u00edtanak a szakt\u00e1rsaid p\u00e1lyakezd\u0151k\u00e9nt? J\u00f3 szakm\u00e1t v\u00e1lasztott\u00e1l vagy majd elpityeredsz az els\u0151 fizud l\u00e1tt\u00e1n? A Zyntern 2020-as kutat\u00e1s\u00e1b\u00f3l kider\u00fcl!<\/p>\n","protected":false},"author":5,"featured_media":5516,"comment_status":"closed","ping_status":"closed","sticky":false,"template":"","format":"standard","meta":[],"categories":[47],"tags":[],"yoast_head":"<!-- This site is optimized with the Yoast SEO plugin v20.6 - https:\/\/yoast.com\/wordpress\/plugins\/seo\/ -->\n<title>Mennyi az annyi? P\u00e1lyakezd\u0151 fizet\u00e9si elk\u00e9pzel\u00e9sek \u00e9s a val\u00f3s\u00e1g<\/title>\n<meta name=\"description\" content=\"K\u00edv\u00e1ncsi vagy mennyi p\u00e9nzre sz\u00e1m\u00edtanak a szakt\u00e1rsaid p\u00e1lyakezd\u0151k\u00e9nt? J\u00f3 szakm\u00e1t v\u00e1lasztott\u00e1l vagy elengedheted a magas fizet\u00e9st?-kutat\u00e1s 2020\" \/>\n<meta name=\"robots\" content=\"index, follow, max-snippet:-1, max-image-preview:large, max-video-preview:-1\" \/>\n<link rel=\"canonical\" href=\"https:\/\/zyntern.com\/blog\/mennyiazannyi\/\" \/>\n<meta property=\"og:locale\" content=\"hu_HU\" \/>\n<meta property=\"og:type\" content=\"article\" \/>\n<meta property=\"og:title\" content=\"Mennyi az annyi? P\u00e1lyakezd\u0151 fizet\u00e9si elk\u00e9pzel\u00e9sek \u00e9s a val\u00f3s\u00e1g\" \/>\n<meta property=\"og:description\" content=\"K\u00edv\u00e1ncsi vagy mennyi p\u00e9nzre sz\u00e1m\u00edtanak a szakt\u00e1rsaid p\u00e1lyakezd\u0151k\u00e9nt? J\u00f3 szakm\u00e1t v\u00e1lasztott\u00e1l vagy elengedheted a magas fizet\u00e9st?-kutat\u00e1s 2020\" \/>\n<meta property=\"og:url\" content=\"https:\/\/zyntern.com\/blog\/mennyiazannyi\/\" \/>\n<meta property=\"og:site_name\" content=\"Zyntern.com Blog\" \/>\n<meta property=\"article:publisher\" content=\"https:\/\/www.facebook.com\/zyntern\" \/>\n<meta property=\"article:published_time\" content=\"2020-07-13T12:23:16+00:00\" \/>\n<meta property=\"article:modified_time\" content=\"2020-12-09T14:16:11+00:00\" \/>\n<meta property=\"og:image\" content=\"https:\/\/zyntern.com\/blog\/wp-content\/uploads\/2020\/07\/palyakezdofizetes.jpg\" \/>\n\t<meta property=\"og:image:width\" content=\"1200\" \/>\n\t<meta property=\"og:image:height\" content=\"1200\" \/>\n\t<meta property=\"og:image:type\" content=\"image\/jpeg\" \/>\n<meta name=\"author\" content=\"No\u00e9mi T\u00fari\" \/>\n<meta name=\"twitter:card\" content=\"summary_large_image\" \/>\n<meta name=\"twitter:label1\" content=\"Szerz\u0151:\" \/>\n\t<meta name=\"twitter:data1\" content=\"No\u00e9mi T\u00fari\" \/>\n\t<meta name=\"twitter:label2\" content=\"Becs\u00fclt olvas\u00e1si id\u0151\" \/>\n\t<meta name=\"twitter:data2\" content=\"4 perc\" \/>\n<script type=\"application\/ld+json\" class=\"yoast-schema-graph\">{\"@context\":\"https:\/\/schema.org\",\"@graph\":[{\"@type\":\"Article\",\"@id\":\"https:\/\/zyntern.com\/blog\/mennyiazannyi\/#article\",\"isPartOf\":{\"@id\":\"https:\/\/zyntern.com\/blog\/mennyiazannyi\/\"},\"author\":{\"name\":\"No\u00e9mi T\u00fari\",\"@id\":\"https:\/\/zyntern.com\/blog\/#\/schema\/person\/5104c02a1fe7a550028305ac3afca7a6\"},\"headline\":\"Mennyi az annyi? P\u00e1lyakezd\u0151 fizet\u00e9si elk\u00e9pzel\u00e9sek \u00e9s a val\u00f3s\u00e1g- Zyntern kutat\u00e1s 2020\",\"datePublished\":\"2020-07-13T12:23:16+00:00\",\"dateModified\":\"2020-12-09T14:16:11+00:00\",\"mainEntityOfPage\":{\"@id\":\"https:\/\/zyntern.com\/blog\/mennyiazannyi\/\"},\"wordCount\":814,\"publisher\":{\"@id\":\"https:\/\/zyntern.com\/blog\/#organization\"},\"articleSection\":[\"Karriertippek P\u00e1lyakezd\u0151knek\"],\"inLanguage\":\"hu\"},{\"@type\":\"WebPage\",\"@id\":\"https:\/\/zyntern.com\/blog\/mennyiazannyi\/\",\"url\":\"https:\/\/zyntern.com\/blog\/mennyiazannyi\/\",\"name\":\"Mennyi az annyi? P\u00e1lyakezd\u0151 fizet\u00e9si elk\u00e9pzel\u00e9sek \u00e9s a val\u00f3s\u00e1g\",\"isPartOf\":{\"@id\":\"https:\/\/zyntern.com\/blog\/#website\"},\"datePublished\":\"2020-07-13T12:23:16+00:00\",\"dateModified\":\"2020-12-09T14:16:11+00:00\",\"description\":\"K\u00edv\u00e1ncsi vagy mennyi p\u00e9nzre sz\u00e1m\u00edtanak a szakt\u00e1rsaid p\u00e1lyakezd\u0151k\u00e9nt? J\u00f3 szakm\u00e1t v\u00e1lasztott\u00e1l vagy elengedheted a magas fizet\u00e9st?-kutat\u00e1s 2020\",\"breadcrumb\":{\"@id\":\"https:\/\/zyntern.com\/blog\/mennyiazannyi\/#breadcrumb\"},\"inLanguage\":\"hu\",\"potentialAction\":[{\"@type\":\"ReadAction\",\"target\":[\"https:\/\/zyntern.com\/blog\/mennyiazannyi\/\"]}]},{\"@type\":\"BreadcrumbList\",\"@id\":\"https:\/\/zyntern.com\/blog\/mennyiazannyi\/#breadcrumb\",\"itemListElement\":[{\"@type\":\"ListItem\",\"position\":1,\"name\":\"Home\",\"item\":\"https:\/\/zyntern.com\/blog\/\"},{\"@type\":\"ListItem\",\"position\":2,\"name\":\"Mennyi az annyi? P\u00e1lyakezd\u0151 fizet\u00e9si elk\u00e9pzel\u00e9sek \u00e9s a val\u00f3s\u00e1g- Zyntern kutat\u00e1s 2020\"}]},{\"@type\":\"WebSite\",\"@id\":\"https:\/\/zyntern.com\/blog\/#website\",\"url\":\"https:\/\/zyntern.com\/blog\/\",\"name\":\"Zyntern.com Blog\",\"description\":\"Tippek \u00e9s tr\u00fckk\u00f6k az \u00e1ll\u00e1skeres\u00e9sr\u00f3l minden p\u00e1lyakezd\u0151 sz\u00e1m\u00e1ra egyenesen a Zyntern.com szak\u00e9rt\u0151i csapat\u00e1t\u00f3l. K\u00e9sz\u00fclj fel vel\u00fcnk a karrierutadra!\",\"publisher\":{\"@id\":\"https:\/\/zyntern.com\/blog\/#organization\"},\"potentialAction\":[{\"@type\":\"SearchAction\",\"target\":{\"@type\":\"EntryPoint\",\"urlTemplate\":\"https:\/\/zyntern.com\/blog\/?s={search_term_string}\"},\"query-input\":\"required name=search_term_string\"}],\"inLanguage\":\"hu\"},{\"@type\":\"Organization\",\"@id\":\"https:\/\/zyntern.com\/blog\/#organization\",\"name\":\"Zyntern.com\",\"url\":\"https:\/\/zyntern.com\/blog\/\",\"logo\":{\"@type\":\"ImageObject\",\"inLanguage\":\"hu\",\"@id\":\"https:\/\/zyntern.com\/blog\/#\/schema\/logo\/image\/\",\"url\":\"https:\/\/zyntern.com\/blog\/wp-content\/uploads\/2020\/06\/ZY-BLOG-LOGO-U\u0301J-1.png\",\"contentUrl\":\"https:\/\/zyntern.com\/blog\/wp-content\/uploads\/2020\/06\/ZY-BLOG-LOGO-U\u0301J-1.png\",\"width\":1000,\"height\":300,\"caption\":\"Zyntern.com\"},\"image\":{\"@id\":\"https:\/\/zyntern.com\/blog\/#\/schema\/logo\/image\/\"},\"sameAs\":[\"https:\/\/www.facebook.com\/zyntern\",\"https:\/\/www.instagram.com\/z.y.ntern\/\",\"https:\/\/www.linkedin.com\/company\/zyntern\/\",\"https:\/\/www.youtube.com\/channel\/UCIzCOOufS8cD1x4em9BuI2g\"]},{\"@type\":\"Person\",\"@id\":\"https:\/\/zyntern.com\/blog\/#\/schema\/person\/5104c02a1fe7a550028305ac3afca7a6\",\"name\":\"No\u00e9mi T\u00fari\",\"url\":\"https:\/\/zyntern.com\/blog\/author\/noemi\/\"}]}<\/script>\n<!-- \/ Yoast SEO plugin. -->","yoast_head_json":{"title":"Mennyi az annyi? P\u00e1lyakezd\u0151 fizet\u00e9si elk\u00e9pzel\u00e9sek \u00e9s a val\u00f3s\u00e1g","description":"K\u00edv\u00e1ncsi vagy mennyi p\u00e9nzre sz\u00e1m\u00edtanak a szakt\u00e1rsaid p\u00e1lyakezd\u0151k\u00e9nt? J\u00f3 szakm\u00e1t v\u00e1lasztott\u00e1l vagy elengedheted a magas fizet\u00e9st?-kutat\u00e1s 2020","robots":{"index":"index","follow":"follow","max-snippet":"max-snippet:-1","max-image-preview":"max-image-preview:large","max-video-preview":"max-video-preview:-1"},"canonical":"https:\/\/zyntern.com\/blog\/mennyiazannyi\/","og_locale":"hu_HU","og_type":"article","og_title":"Mennyi az annyi? P\u00e1lyakezd\u0151 fizet\u00e9si elk\u00e9pzel\u00e9sek \u00e9s a val\u00f3s\u00e1g","og_description":"K\u00edv\u00e1ncsi vagy mennyi p\u00e9nzre sz\u00e1m\u00edtanak a szakt\u00e1rsaid p\u00e1lyakezd\u0151k\u00e9nt? J\u00f3 szakm\u00e1t v\u00e1lasztott\u00e1l vagy elengedheted a magas fizet\u00e9st?-kutat\u00e1s 2020","og_url":"https:\/\/zyntern.com\/blog\/mennyiazannyi\/","og_site_name":"Zyntern.com Blog","article_publisher":"https:\/\/www.facebook.com\/zyntern","article_published_time":"2020-07-13T12:23:16+00:00","article_modified_time":"2020-12-09T14:16:11+00:00","og_image":[{"width":1200,"height":1200,"url":"https:\/\/zyntern.com\/blog\/wp-content\/uploads\/2020\/07\/palyakezdofizetes.jpg","type":"image\/jpeg"}],"author":"No\u00e9mi T\u00fari","twitter_card":"summary_large_image","twitter_misc":{"Szerz\u0151:":"No\u00e9mi T\u00fari","Becs\u00fclt olvas\u00e1si id\u0151":"4 perc"},"schema":{"@context":"https:\/\/schema.org","@graph":[{"@type":"Article","@id":"https:\/\/zyntern.com\/blog\/mennyiazannyi\/#article","isPartOf":{"@id":"https:\/\/zyntern.com\/blog\/mennyiazannyi\/"},"author":{"name":"No\u00e9mi T\u00fari","@id":"https:\/\/zyntern.com\/blog\/#\/schema\/person\/5104c02a1fe7a550028305ac3afca7a6"},"headline":"Mennyi az annyi? P\u00e1lyakezd\u0151 fizet\u00e9si elk\u00e9pzel\u00e9sek \u00e9s a val\u00f3s\u00e1g- Zyntern kutat\u00e1s 2020","datePublished":"2020-07-13T12:23:16+00:00","dateModified":"2020-12-09T14:16:11+00:00","mainEntityOfPage":{"@id":"https:\/\/zyntern.com\/blog\/mennyiazannyi\/"},"wordCount":814,"publisher":{"@id":"https:\/\/zyntern.com\/blog\/#organization"},"articleSection":["Karriertippek P\u00e1lyakezd\u0151knek"],"inLanguage":"hu"},{"@type":"WebPage","@id":"https:\/\/zyntern.com\/blog\/mennyiazannyi\/","url":"https:\/\/zyntern.com\/blog\/mennyiazannyi\/","name":"Mennyi az annyi? P\u00e1lyakezd\u0151 fizet\u00e9si elk\u00e9pzel\u00e9sek \u00e9s a val\u00f3s\u00e1g","isPartOf":{"@id":"https:\/\/zyntern.com\/blog\/#website"},"datePublished":"2020-07-13T12:23:16+00:00","dateModified":"2020-12-09T14:16:11+00:00","description":"K\u00edv\u00e1ncsi vagy mennyi p\u00e9nzre sz\u00e1m\u00edtanak a szakt\u00e1rsaid p\u00e1lyakezd\u0151k\u00e9nt? J\u00f3 szakm\u00e1t v\u00e1lasztott\u00e1l vagy elengedheted a magas fizet\u00e9st?-kutat\u00e1s 2020","breadcrumb":{"@id":"https:\/\/zyntern.com\/blog\/mennyiazannyi\/#breadcrumb"},"inLanguage":"hu","potentialAction":[{"@type":"ReadAction","target":["https:\/\/zyntern.com\/blog\/mennyiazannyi\/"]}]},{"@type":"BreadcrumbList","@id":"https:\/\/zyntern.com\/blog\/mennyiazannyi\/#breadcrumb","itemListElement":[{"@type":"ListItem","position":1,"name":"Home","item":"https:\/\/zyntern.com\/blog\/"},{"@type":"ListItem","position":2,"name":"Mennyi az annyi? P\u00e1lyakezd\u0151 fizet\u00e9si elk\u00e9pzel\u00e9sek \u00e9s a val\u00f3s\u00e1g- Zyntern kutat\u00e1s 2020"}]},{"@type":"WebSite","@id":"https:\/\/zyntern.com\/blog\/#website","url":"https:\/\/zyntern.com\/blog\/","name":"Zyntern.com Blog","description":"Tippek \u00e9s tr\u00fckk\u00f6k az \u00e1ll\u00e1skeres\u00e9sr\u00f3l minden p\u00e1lyakezd\u0151 sz\u00e1m\u00e1ra egyenesen a Zyntern.com szak\u00e9rt\u0151i csapat\u00e1t\u00f3l. K\u00e9sz\u00fclj fel vel\u00fcnk a karrierutadra!","publisher":{"@id":"https:\/\/zyntern.com\/blog\/#organization"},"potentialAction":[{"@type":"SearchAction","target":{"@type":"EntryPoint","urlTemplate":"https:\/\/zyntern.com\/blog\/?s={search_term_string}"},"query-input":"required name=search_term_string"}],"inLanguage":"hu"},{"@type":"Organization","@id":"https:\/\/zyntern.com\/blog\/#organization","name":"Zyntern.com","url":"https:\/\/zyntern.com\/blog\/","logo":{"@type":"ImageObject","inLanguage":"hu","@id":"https:\/\/zyntern.com\/blog\/#\/schema\/logo\/image\/","url":"https:\/\/zyntern.com\/blog\/wp-content\/uploads\/2020\/06\/ZY-BLOG-LOGO-U\u0301J-1.png","contentUrl":"https:\/\/zyntern.com\/blog\/wp-content\/uploads\/2020\/06\/ZY-BLOG-LOGO-U\u0301J-1.png","width":1000,"height":300,"caption":"Zyntern.com"},"image":{"@id":"https:\/\/zyntern.com\/blog\/#\/schema\/logo\/image\/"},"sameAs":["https:\/\/www.facebook.com\/zyntern","https:\/\/www.instagram.com\/z.y.ntern\/","https:\/\/www.linkedin.com\/company\/zyntern\/","https:\/\/www.youtube.com\/channel\/UCIzCOOufS8cD1x4em9BuI2g"]},{"@type":"Person","@id":"https:\/\/zyntern.com\/blog\/#\/schema\/person\/5104c02a1fe7a550028305ac3afca7a6","name":"No\u00e9mi T\u00fari","url":"https:\/\/zyntern.com\/blog\/author\/noemi\/"}]}},"_links":{"self":[{"href":"https:\/\/zyntern.com\/blog\/wp-json\/wp\/v2\/posts\/3309"}],"collection":[{"href":"https:\/\/zyntern.com\/blog\/wp-json\/wp\/v2\/posts"}],"about":[{"href":"https:\/\/zyntern.com\/blog\/wp-json\/wp\/v2\/types\/post"}],"author":[{"embeddable":true,"href":"https:\/\/zyntern.com\/blog\/wp-json\/wp\/v2\/users\/5"}],"replies":[{"embeddable":true,"href":"https:\/\/zyntern.com\/blog\/wp-json\/wp\/v2\/comments?post=3309"}],"version-history":[{"count":3,"href":"https:\/\/zyntern.com\/blog\/wp-json\/wp\/v2\/posts\/3309\/revisions"}],"predecessor-version":[{"id":5541,"href":"https:\/\/zyntern.com\/blog\/wp-json\/wp\/v2\/posts\/3309\/revisions\/5541"}],"wp:featuredmedia":[{"embeddable":true,"href":"https:\/\/zyntern.com\/blog\/wp-json\/wp\/v2\/media\/5516"}],"wp:attachment":[{"href":"https:\/\/zyntern.com\/blog\/wp-json\/wp\/v2\/media?parent=3309"}],"wp:term":[{"taxonomy":"category","embeddable":true,"href":"https:\/\/zyntern.com\/blog\/wp-json\/wp\/v2\/categories?post=3309"},{"taxonomy":"post_tag","embeddable":true,"href":"https:\/\/zyntern.com\/blog\/wp-json\/wp\/v2\/tags?post=3309"}],"curies":[{"name":"wp","href":"https:\/\/api.w.org\/{rel}","templated":true}]}}