{"id":7404,"date":"2021-04-13T16:10:51","date_gmt":"2021-04-13T15:10:51","guid":{"rendered":"https:\/\/zyntern.com\/blog?p=7404"},"modified":"2021-04-13T16:11:57","modified_gmt":"2021-04-13T15:11:57","slug":"zyntern-hr-percek-komarom-esztergomban","status":"publish","type":"post","link":"https:\/\/zyntern.com\/blog\/zyntern-hr-percek-komarom-esztergomban\/","title":{"rendered":"Zyntern HR percek, virtu\u00e1lis k\u00e1v\u00e9sz\u00fcnet Kom\u00e1rom-Esztergomban"},"content":{"rendered":"\n<p><strong>A koronav\u00edrus hat\u00e1sa a munkaer\u0151piacra HR k\u00f6r\u00f6kben m\u00e1r egy \u00e9ve megker\u00fclhetetlen t\u00e9ma. <strong>A munkan\u00e9lk\u00fclis\u00e9gi r\u00e1ta egy \u00e9v alatt Kom\u00e1rom-Esztergom megy\u00e9ben a dupl\u00e1j\u00e1ra<\/strong><\/strong> <strong>n\u0151tt<\/strong>. <strong>Vannak, akik c\u00e9ges tombol\u00e1val, m\u00e1sok saj\u00e1t, bels\u0151 operat\u00edv t\u00f6rzs l\u00e9trehoz\u00e1s\u00e1val harcolnak a j\u00e1rv\u00e1ny ellen. A megsz\u00f3l\u00edtott c\u00e9gek VR szem\u00fcvegek, c\u00e9ges \u00fajs\u00e1gok, well-being programok seg\u00edts\u00e9g\u00e9vel tarj\u00e1k motiv\u00e1ltan munkav\u00e1llal\u00f3ikat. A <a rel=\"noreferrer noopener\" href=\"https:\/\/zyntern.com\/\" target=\"_blank\">Zyntern.com \u00c1ll\u00e1sport\u00e1l<\/a> \u00e1ltal szervezett online besz\u00e9lget\u00e9sen ezeket, \u00e9s m\u00e9g sok m\u00e1s izgalmas t\u00e9m\u00e1t vitattak meg a szakma helyi k\u00e9pvisel\u0151i.\u00a0<\/strong><\/p>\n\n\n\n<figure class=\"wp-block-embed-youtube wp-block-embed is-type-video is-provider-youtube\"><div class=\"wp-block-embed__wrapper\">\n<p class=\"responsive-video-wrap clr\"><iframe title=\"HR Percek - Virtu\u00e1lis k\u00e1v\u00e9sz\u00fcnet Kom\u00e1rom-Esztergomban - Zyntern.com\" width=\"1200\" height=\"675\" src=\"https:\/\/www.youtube.com\/embed\/Th9BYzLTWdQ?feature=oembed\" frameborder=\"0\" allow=\"accelerometer; autoplay; clipboard-write; encrypted-media; gyroscope; picture-in-picture\" allowfullscreen><\/iframe><\/p>\n<\/div><figcaption>A besz\u00e9lget\u00e9s teljes hossz\u00e1ban megtekinthet\u0151 a Zyntern.com Youtube csatorn\u00e1j\u00e1n<\/figcaption><\/figure>\n\n\n\n<p>Panelbesz\u00e9lget\u00e9s\u00fcnk sor\u00e1n a <strong>Magyar Suzuki Zrt., a Cloud Network Technology Kft. \u00e9s az ALPLA M\u0171anyag Csomagol\u00f3ipari Kft.<\/strong> HR szakembereivel besz\u00e9lgett\u00fcnk a toborz\u00e1si eszk\u00f6z\u00f6k v\u00e1ltoz\u00e1sair\u00f3l, a munk\u00e1ltat\u00f3i m\u00e1rka\u00e9p\u00edt\u00e9s szerep\u00e9r\u0151l, az elk\u00f6telez\u0151d\u00e9st seg\u00edt\u0151 t\u00e9nyez\u0151kr\u0151l \u00e9s praktik\u00e1kr\u00f3l, illetve a koll\u00e9g\u00e1k motiv\u00e1l\u00e1s\u00e1t seg\u00edt\u0151 j\u00f3 megold\u00e1sokr\u00f3l.\u00a0<\/p>\n\n\n\n<p>A besz\u00e9lget\u00e9s r\u00e9sztvev\u0151i k\u00f6z\u00f6tt tudhattuk<strong> Madar\u00e1sz T\u00edme\u00e1t<\/strong>, a Magyar Suzuki Zrt. Manpower Management and HR Controlling Unit vezet\u0151j\u00e9t; <strong>Kulcs\u00e1r-Horv\u00e1th Ildik\u00f3t,<\/strong> a Cloud Network Technology Kft. HR generalist\u00e1j\u00e1t \u00e9s <strong>S\u00e1rai Henriett\u00e1t<\/strong>, a ALPLA M\u0171anyag Csomagol\u00f3ipari Kft. HR Business munkat\u00e1rs\u00e1t.&nbsp;<\/p>\n\n\n\n<figure class=\"wp-container-2 wp-block-gallery-1 wp-block-gallery columns-3 is-cropped\"><ul class=\"blocks-gallery-grid\"><li class=\"blocks-gallery-item\"><figure><img fetchpriority=\"high\" width=\"500\" height=\"500\" src=\"https:\/\/zyntern.com\/blogwp-content\/uploads\/2021\/04\/Kulcsa\u0301r-Horva\u0301th-Ildiko\u0301.jpeg\" alt=\"Kulcsa\u0301r-Horva\u0301th-Ildiko\u0301\" data-id=\"7405\" data-full-url=\"https:\/\/zyntern.com\/blogwp-content\/uploads\/2021\/04\/Kulcsa\u0301r-Horva\u0301th-Ildiko\u0301.jpeg\" data-link=\"https:\/\/zyntern.com\/blog?attachment_id=7405\" class=\"wp-image-7405\" srcset=\"https:\/\/zyntern.com\/blog\/wp-content\/uploads\/2021\/04\/Kulcsa\u0301r-Horva\u0301th-Ildiko\u0301.jpeg 500w, https:\/\/zyntern.com\/blog\/wp-content\/uploads\/2021\/04\/Kulcsa\u0301r-Horva\u0301th-Ildiko\u0301-300x300.jpeg 300w, https:\/\/zyntern.com\/blog\/wp-content\/uploads\/2021\/04\/Kulcsa\u0301r-Horva\u0301th-Ildiko\u0301-150x150.jpeg 150w\" sizes=\"(max-width: 500px) 100vw, 500px\" \/><figcaption class=\"blocks-gallery-item__caption\">Kulcsa\u0301r-Horva\u0301th Ildiko\u0301<\/figcaption><\/figure><\/li><li class=\"blocks-gallery-item\"><figure><img width=\"800\" height=\"800\" src=\"https:\/\/zyntern.com\/blogwp-content\/uploads\/2021\/04\/Madara\u0301sz-Ti\u0301mea.jpeg\" alt=\"Madara\u0301sz-Ti\u0301mea\" data-id=\"7406\" data-full-url=\"https:\/\/zyntern.com\/blogwp-content\/uploads\/2021\/04\/Madara\u0301sz-Ti\u0301mea.jpeg\" data-link=\"https:\/\/zyntern.com\/blog?attachment_id=7406\" class=\"wp-image-7406\" srcset=\"https:\/\/zyntern.com\/blog\/wp-content\/uploads\/2021\/04\/Madara\u0301sz-Ti\u0301mea.jpeg 800w, https:\/\/zyntern.com\/blog\/wp-content\/uploads\/2021\/04\/Madara\u0301sz-Ti\u0301mea-300x300.jpeg 300w, https:\/\/zyntern.com\/blog\/wp-content\/uploads\/2021\/04\/Madara\u0301sz-Ti\u0301mea-150x150.jpeg 150w, https:\/\/zyntern.com\/blog\/wp-content\/uploads\/2021\/04\/Madara\u0301sz-Ti\u0301mea-768x768.jpeg 768w\" sizes=\"(max-width: 800px) 100vw, 800px\" \/><figcaption class=\"blocks-gallery-item__caption\">Madara\u0301sz Ti\u0301mea<\/figcaption><\/figure><\/li><li class=\"blocks-gallery-item\"><figure><img width=\"1024\" height=\"502\" src=\"https:\/\/zyntern.com\/blogwp-content\/uploads\/2021\/04\/Sa\u0301rai-Henrietta_ke\u0301p-1024x502.jpeg\" alt=\"Sa\u0301rai-Henrietta\" data-id=\"7407\" data-full-url=\"https:\/\/zyntern.com\/blogwp-content\/uploads\/2021\/04\/Sa\u0301rai-Henrietta_ke\u0301p.jpeg\" data-link=\"https:\/\/zyntern.com\/blog?attachment_id=7407\" class=\"wp-image-7407\" srcset=\"https:\/\/zyntern.com\/blog\/wp-content\/uploads\/2021\/04\/Sa\u0301rai-Henrietta_ke\u0301p-1024x502.jpeg 1024w, https:\/\/zyntern.com\/blog\/wp-content\/uploads\/2021\/04\/Sa\u0301rai-Henrietta_ke\u0301p-300x147.jpeg 300w, https:\/\/zyntern.com\/blog\/wp-content\/uploads\/2021\/04\/Sa\u0301rai-Henrietta_ke\u0301p-768x376.jpeg 768w, https:\/\/zyntern.com\/blog\/wp-content\/uploads\/2021\/04\/Sa\u0301rai-Henrietta_ke\u0301p.jpeg 1280w\" sizes=\"(max-width: 1024px) 100vw, 1024px\" \/><figcaption class=\"blocks-gallery-item__caption\">Sa\u0301rai Henrietta<\/figcaption><\/figure><\/li><\/ul><\/figure>\n\n\n\n<h2><strong>Szervezeti \u00e1talakul\u00e1s koronav\u00edrus idej\u00e9n<\/strong><\/h2>\n\n\n\n<p>Szinte nincs olyan szervezet, amelynek a m\u0171k\u00f6d\u00e9se az elm\u00falt egy \u00e9vben ne alakult volna \u00e1t valamelyest. A v\u00edrus orsz\u00e1gosan, \u00e9s region\u00e1lisan is kih\u00edv\u00e1s el\u00e9 \u00e1ll\u00edtja a c\u00e9gvezet\u0151ket, HR-eseket, dolgoz\u00f3kat. S\u00e1rai (ALPLA M\u0171anyag Csomagol\u00f3ipari Kft.) szerint a Covid-19 j\u00e1rv\u00e1ny legink\u00e1bb a kreativit\u00e1sukat fejleszti. <\/p>\n\n\n\n<div class=\"wp-block-image\"><figure class=\"alignright size-large is-resized\"><img loading=\"lazy\" src=\"https:\/\/zyntern.com\/blogwp-content\/uploads\/2021\/04\/young-attractive-slim-woman-riding-bicycle-sport-morning-sunrise-summer-beach-sports-fitness-wear-active-healthy-lifestyle-smiling-happy-having-fun_285396-5575-edited.jpeg\" alt=\"bicikliz\u0151 fiatal n\u0151\" class=\"wp-image-7421\" width=\"579\" height=\"362\" srcset=\"https:\/\/zyntern.com\/blog\/wp-content\/uploads\/2021\/04\/young-attractive-slim-woman-riding-bicycle-sport-morning-sunrise-summer-beach-sports-fitness-wear-active-healthy-lifestyle-smiling-happy-having-fun_285396-5575-edited.jpeg 626w, https:\/\/zyntern.com\/blog\/wp-content\/uploads\/2021\/04\/young-attractive-slim-woman-riding-bicycle-sport-morning-sunrise-summer-beach-sports-fitness-wear-active-healthy-lifestyle-smiling-happy-having-fun_285396-5575-edited-300x188.jpeg 300w\" sizes=\"(max-width: 579px) 100vw, 579px\" \/><\/figure><\/div>\n\n\n\n<p>Egyre jobban \u00e9rezhet\u0151, hogy az emberek kezdenek elf\u00e1radni, \u00e9s nehezen kezelik a v\u00e1ltoz\u00e1sokat, ez\u00e9rt \u00f6tletes eszk\u00f6z\u00f6kh\u00f6z kell ny\u00falniuk. \u0150k ez\u00e9rt p\u00e9ld\u00e1ul <strong>h\u00fasv\u00e9tkor tombol\u00e1val pr\u00f3b\u00e1ltak a dolgoz\u00f3ik kedv\u00e9ben j\u00e1rni, amelyen biciklit nyerhettek a r\u00e9sztvev\u0151k, ezzel is motiv\u00e1lva \u0151ket a kikapcsol\u00f3d\u00e1sra, sportol\u00e1sra.<\/strong> S\u00e1rai szerint a r\u00e9gi\u00f3ban egyre kevesebb a min\u0151s\u00e9gi munkaer\u0151. A kisebb v\u00e1llalkoz\u00e1sok nehezen veszik fel a versenyt a \u201enagyokkal\u201d, \u00edgy az eddig is jelent\u0151s fluktu\u00e1ci\u00f3 m\u00e9rt\u00e9ke csak tov\u00e1bb n\u00f6vekedett.\u00a0<\/p>\n\n\n\n<p>Madar\u00e1sz (Magyar Suzuki Zrt.) szerint a legnagyobb kih\u00edv\u00e1st az jelentette, hogy r\u00f6vid id\u0151 alatt kellett alkalmazkodni a kialakult helyzethez. \u00c9ppen ez\u00e9rt \u0151k egy <strong>bels\u0151 operat\u00edv t\u00f6rzset is l\u00e9trehoztak,<\/strong> hogy folyamatosan figyelni tudj\u00e1k az aktu\u00e1lis t\u00f6rt\u00e9n\u00e9seket, \u00e9s ezekre min\u00e9l gyorsabban reag\u00e1lni tudjanak. Azt is elmondta, hogy a r\u00e9gi\u00f3 KSH adatait megn\u00e9zve, a <strong>munkan\u00e9lk\u00fclis\u00e9gi r\u00e1ta Kom\u00e1rom-Esztergom megy\u00e9ben a dupl\u00e1j\u00e1ra, azaz 1,56%-r\u00f3l (2019) 3%-ra (2020) n\u0151tt<\/strong>. B\u00e1r az utols\u00f3 negyed\u00e9vben javultak az adatok, n\u00e1luk egyre n\u0151tt az \u00e9rdekl\u0151d\u00e9s a szabad poz\u00edci\u00f3k ir\u00e1nt, amelyet el\u0151ny\u00fckre is tudtak form\u00e1lni, ugyanis jelenlegi c\u00e9ljuk a munka\u00e1llom\u00e1ny stabiliz\u00e1l\u00e1sa.<\/p>\n\n\n\n<div class=\"wp-block-image\"><figure class=\"alignright size-large is-resized\"><img loading=\"lazy\" src=\"https:\/\/zyntern.com\/blogwp-content\/uploads\/2021\/04\/portrait-adult-male-working-from-home_23-2148694499-edited.jpeg\" alt=\"fiatal f\u00e9rfi home-officeban \" class=\"wp-image-7426\" width=\"566\" height=\"354\" srcset=\"https:\/\/zyntern.com\/blog\/wp-content\/uploads\/2021\/04\/portrait-adult-male-working-from-home_23-2148694499-edited.jpeg 626w, https:\/\/zyntern.com\/blog\/wp-content\/uploads\/2021\/04\/portrait-adult-male-working-from-home_23-2148694499-edited-300x188.jpeg 300w\" sizes=\"(max-width: 566px) 100vw, 566px\" \/><\/figure><\/div>\n\n\n\n<p>A t\u00e1vmunka lehet\u0151s\u00e9g\u00e9t sok munkav\u00e1llal\u00f3 \u00f6r\u00f6mmel fogadta, sz\u00e1molt be r\u00f3la Kulcs\u00e1r-Horv\u00e1th (Cloud Network Technology Kft.)\u00a0 is, de a kellemetlens\u00e9gek enyh\u00edt\u00e9s\u00e9re is felh\u00edvta a figyelmet. <strong>\u0150k, a folyamatos maszkvisel\u00e9s, \u00e9s a rendszeres gyorstesztek kellemetlens\u00e9geit b\u00e9rkompenz\u00e1ci\u00f3val pr\u00f3b\u00e1lt\u00e1k ellens\u00falyozni.<\/strong> A home-officeos koll\u00e9g\u00e1knak pedig <strong>kar\u00e1csonyi pulcsiversennyel<\/strong> k\u00e9sz\u00fcltek.  A r\u00e9gi\u00f3 munkaer\u0151piaci v\u00e1ltoz\u00e1sait \u0151k is tapasztalt\u00e1k, de nekik szerencs\u00e9re le\u00e9p\u00edt\u00e9sek helyett a toborz\u00e1s volt k\u00f6zpontban az elm\u00falt egy \u00e9vben.\u00a0<\/p>\n\n\n\n<h2><strong>Toborz\u00e1si praktik\u00e1k, j\u00e1rv\u00e1ny idej\u00e9n<\/strong><\/h2>\n\n\n\n<p>B\u00e1r p\u00e1r ter\u00fcleten az online toborz\u00e1s nem jelentett \u00fajdons\u00e1got, az eleinte m\u00e9g neh\u00e9zkesnek, olykor kellemetlennek vagy \u00fcgyetlennek t\u0171n\u0151 online interj\u00fak az elm\u00falt egy \u00e9vben m\u00e1r rutinn\u00e1 v\u00e1ltak. A toborz\u00e1si folyamatnak azonban m\u00e9g tov\u00e1bbra is fontos eleme a szem\u00e9lyes kontaktus. Ahogy Madar\u00e1sz is kiemelte, az <strong>els\u0151 k\u00f6r\u00f6s interj\u00fakat online, a m\u00e1sodik k\u00f6rt pedig limit\u00e1lt sz\u00e1mban, szem\u00e9lyesen szeretik levez\u00e9nyelni.\u00a0<\/strong><\/p>\n\n\n\n<div class=\"wp-block-image\"><figure class=\"alignright size-large is-resized\"><img loading=\"lazy\" src=\"https:\/\/zyntern.com\/blogwp-content\/uploads\/2021\/04\/business-job-interview-concept_1421-77-edited.jpeg\" alt=\"\u00c1ll\u00e1sinterj\u00fa\" class=\"wp-image-7420\" width=\"560\" height=\"350\" srcset=\"https:\/\/zyntern.com\/blog\/wp-content\/uploads\/2021\/04\/business-job-interview-concept_1421-77-edited.jpeg 626w, https:\/\/zyntern.com\/blog\/wp-content\/uploads\/2021\/04\/business-job-interview-concept_1421-77-edited-300x188.jpeg 300w\" sizes=\"(max-width: 560px) 100vw, 560px\" \/><\/figure><\/div>\n\n\n\n<p>S\u00e1rai ehhez csatlakozva megjegyezte, hogy a j\u00e1rv\u00e1ny\u00fcgyi el\u0151\u00edr\u00e1sok, \u00e9s a fokozott figyelem miatt <strong>a fizikai interj\u00faztat\u00e1s jelent\u0151sen id\u0151ig\u00e9nyesebb folyamat lett,<\/strong> mint kor\u00e1bban. Kulcs\u00e1r-Horv\u00e1th hozz\u00e1tette, hogy f\u0151leg <strong>a fizikai munk\u00e1t v\u00e9gz\u0151k eset\u00e9n, az interj\u00fak lebonyol\u00edt\u00e1s\u00e1ra, \u00e9s a kapcsolattart\u00e1sra els\u0151dlegesen a telefont haszn\u00e1lj\u00e1k<\/strong>. V\u00e9lem\u00e9nye szerint ez a m\u00f3dszer m\u00e9g mindig komfortosabb a munkav\u00e1llal\u00f3k egy r\u00e9sz\u00e9nek.\u00a0<\/p>\n\n\n\n<h2><strong>A munk\u00e1ltat\u00f3i m\u00e1rka\u00e9p\u00edt\u00e9s fontoss\u00e1ga<\/strong><\/h2>\n\n\n\n<p>A szem\u00e9lyes interakci\u00f3k \u00e9s esem\u00e9nyek le\u00e9p\u00fcl\u00e9se miatt, a munk\u00e1ltat\u00f3i m\u00e1rka\u00e9p\u00edt\u00e9s is f\u0151k\u00e9nt az online t\u00e9rben kap helyet. <strong>Egyre t\u00f6bben kezdt\u00e9k el aktiviz\u00e1lni, az addig \u00fat sz\u00e9l\u00e9n hagyott k\u00f6z\u00f6ss\u00e9gi fel\u00fcleteiket, \u00e9s igyekeznek offline esem\u00e9nyeiknek online teret tal\u00e1lni. <\/strong>Kulcs\u00e1r-Horv\u00e1th szerint toborz\u00e1s eset\u00e9n a jel\u00f6lt\u00e9lm\u00e9nyn\u00e9l nem mindig kell nagy dologra gondolni, a bar\u00e1ts\u00e1gos hangulat, a szem\u00e9lyesebb telefonos visszajelz\u00e9s is fontos r\u00e9sze a munk\u00e1ltat\u00f3i m\u00e1rka\u00e9p\u00edt\u00e9snek.&nbsp;<\/p>\n\n\n\n<div class=\"wp-block-image\"><figure class=\"alignright size-large is-resized\"><img loading=\"lazy\" src=\"https:\/\/zyntern.com\/blogwp-content\/uploads\/2021\/04\/young-attractive-happy-creative-people-calling-start-working-their-team_232070-4435-edited.jpeg\" alt=\"Fiatal boldok munkacsapat start felirat\u00fa lapot tart \" class=\"wp-image-7419\" width=\"556\" height=\"348\" srcset=\"https:\/\/zyntern.com\/blog\/wp-content\/uploads\/2021\/04\/young-attractive-happy-creative-people-calling-start-working-their-team_232070-4435-edited.jpeg 626w, https:\/\/zyntern.com\/blog\/wp-content\/uploads\/2021\/04\/young-attractive-happy-creative-people-calling-start-working-their-team_232070-4435-edited-300x188.jpeg 300w\" sizes=\"(max-width: 556px) 100vw, 556px\" \/><\/figure><\/div>\n\n\n\n<p>A feh\u00e9r -\u00e9s k\u00e9kgall\u00e9ros munkav\u00e1llal\u00f3k megsz\u00f3l\u00edt\u00e1sa, \u00e9s a nekik sz\u00e1nt \u00fczenetek egy r\u00e9sze Madar\u00e1sz szerint \u00e1tfed\u00e9sben van: mindkett\u0151 eset\u00e9n fontos a pozit\u00edv munk\u00e1ltat\u00f3i m\u00e1rka, a megfelel\u0151 b\u00e9rez\u00e9s \u00e9s a munka-mag\u00e1n\u00e9let egyens\u00faly\u00e1nak megtart\u00e1sa. Ezen k\u00edv\u00fcl <strong>a fizikai munkav\u00e1llal\u00f3k eset\u00e9n most m\u00e9g fontosabb lett a biztons\u00e1g\u00e9rzet, hogy a munkav\u00e1llal\u00f3t stabilnak, megb\u00edzhat\u00f3nak, szavahihet\u0151nek tekints\u00e9k a foglalkoztatottak. A feh\u00e9rgall\u00e9rosok eset\u00e9n a k\u00f6zpontban ink\u00e1bb a karrier\u00fat van:<\/strong> projektekben \u00e9s feladatokban val\u00f3 r\u00e9szv\u00e9tel, \u00e9s az el\u0151re lep\u00e9si lehet\u0151s\u00e9gek a legfontosabbak. Toborz\u00e1s tekintet\u00e9ben mindkett\u0151n\u00e9l <strong>a direkt megsz\u00f3l\u00edt\u00e1s m\u0171k\u00f6dik, melynek a helye a k\u00e9k gall\u00e9rosn\u00e1l ink\u00e1bb az \u00e1ll\u00e1skeres\u0151s Facebook csoportok, szellemin\u00e9l pedig az \u00e1ll\u00e1sport\u00e1lok.&nbsp;<\/strong><\/p>\n\n\n\n<p>S\u00e1rai kiemelte, hogy n\u00e1luk a <strong>dolgoz\u00f3i aj\u00e1nl\u00f3program lett igaz\u00e1n sikersztori<\/strong>.  Szerinte a sz\u00e1jhagyom\u00e1ny \u00fatj\u00e1n terjed\u0151 h\u00edr sokkal jobban m\u0171k\u00f6dik, az embereket jobban motiv\u00e1lj\u00e1k a h\u00fas-v\u00e9r emberek, ismer\u0151s\u00f6k tapasztalatai. \u0150k egy <strong>h\u00e1rom l\u00e9pcs\u0151s jutalmaz\u00e1si rendszerben<\/strong> m\u0171k\u00f6dtetik az aj\u00e1nl\u00f3programot, amely sor\u00e1n az onboarding folyamatokat, \u00e9s az integr\u00e1ci\u00f3t \u00e9rint\u0151 visszajelz\u00e9sek is kiemelten fontos szerepet kapnak.\u00a0<\/p>\n\n\n\n<h2><strong>A megtart\u00e1s kih\u00edv\u00e1sai<\/strong><\/h2>\n\n\n\n<p>A munkaer\u0151 megtart\u00e1s\u00e1nak egyik f\u0151 neh\u00e9zs\u00e9ge Madar\u00e1sz szerint, hogy kiny\u00edlt a vil\u00e1g a j\u00f3 munkav\u00e1llal\u00f3k el\u0151tt. \u00cdgy a<strong>k\u00e1r k\u00fclf\u00f6ld\u00f6n is k\u00f6nnyen tal\u00e1lhatnak munk\u00e1t. <\/strong>Ezen k\u00edv\u00fcl nem csak Kom\u00e1rom-Esztergom ipari parkj\u00e1ban jelent\u0151s a konkurencia, hanem a j\u00f3 k\u00f6zleked\u00e9s miatt egyre t\u00f6bben v\u00e1llalj\u00e1k az ing\u00e1z\u00e1st, \u00edgy <strong>Budapest is versenyt\u00e1rsuk lett.<\/strong> Szerinte a munkav\u00e1llal\u00f3i \u00e9letciklusban nem lehet kiemelni egy szakaszt, hogy mikor a legnehezebb a megtart\u00e1s, mert ez egy\u00e9nenk\u00e9nt v\u00e1ltozhat. Ett\u0151l f\u00fcggetlen\u00fcl persze a pr\u00f3baid\u0151 mindig kritikus id\u0151szaknak sz\u00e1m\u00edt. Ez\u00e9rt nagyon fontos a j\u00f3 onboarding program, \u00e9s a versenyt\u00e1rsak folyamatos monitoroz\u00e1sa.<\/p>\n\n\n\n<p>S\u00e1rai is egyet\u00e9rtett abban, hogy az egyik legnagyobb neh\u00e9zs\u00e9g a konkurenci\u00e1val val\u00f3 versenybe sz\u00e1ll\u00e1s. B\u00e1r igyekeznek <strong>wellbeing programokat is szervezni<\/strong>, p\u00e9ld\u00e1ul k\u00f6z\u00f6s eb\u00e9deket. Hirdettek rajzversenyt \u00e9s k\u00e9sz\u00edtettek c\u00e9ges \u00fajs\u00e1got. Azonban, ha a Maslow sz\u00fcks\u00e9glet-piramis als\u00f3 szintj\u00e9t, azaz a megfelel\u0151 juttat\u00e1sokat nem tudj\u00e1k ugyan \u00fagy biztos\u00edtani, mint a versenyt\u00e1rsak, akkor el fognak menni az emberek, akkor is, ha kev\u00e9s a k\u00fcl\u00f6nbs\u00e9g.\u00a0<\/p>\n\n\n\n<div class=\"wp-block-image\"><figure class=\"alignright size-large is-resized\"><img loading=\"lazy\" src=\"https:\/\/zyntern.com\/blogwp-content\/uploads\/2021\/04\/top-view-coworkers-team-working-office_329181-12055-edited.jpeg\" alt=\"fiatal csapat dolgozik high-tech eszk\u00f6z\u00f6kkel\" class=\"wp-image-7418\" width=\"558\" height=\"352\" srcset=\"https:\/\/zyntern.com\/blog\/wp-content\/uploads\/2021\/04\/top-view-coworkers-team-working-office_329181-12055-edited.jpeg 626w, https:\/\/zyntern.com\/blog\/wp-content\/uploads\/2021\/04\/top-view-coworkers-team-working-office_329181-12055-edited-300x190.jpeg 300w\" sizes=\"(max-width: 558px) 100vw, 558px\" \/><\/figure><\/div>\n\n\n\n<p><strong>A fiatal munkav\u00e1llal\u00f3knak kiemelten fontos a rugalmas munkaid\u0151 \u00e9s a modern munkak\u00f6rnyezet. <\/strong>Kulcs\u00e1r-Horv\u00e1th kiemelte, hogy n\u00e1luk az\u00e9rt vannak olyan munkak\u00f6r\u00f6k, amelyeket csak huszon\u00e9vesek t\u00f6ltenek be, mert a <strong>high-tech berendez\u00e9s vonz\u00f3 a fiatalok sz\u00e1m\u00e1ra.<\/strong> Bizonyos ter\u00fcleteken<strong> VR szem\u00fcvegeken kereszt\u00fcl kapj\u00e1k az utas\u00edt\u00e1sokat<\/strong>. \u0150k a fizikai munkav\u00e1llal\u00f3knak egy <strong>egyedi b\u00e9rrendszert dolgoztak ki, <\/strong>amely egy alap juttat\u00e1sb\u00f3l, \u00e9s az arra \u00e9p\u00fcl\u0151 r\u00e9szfeladatok ut\u00e1ni kieg\u00e9sz\u00edt\u00e9sb\u0151l \u00e1ll. Ez azt jelenti, hogy a dolgoz\u00f3k le tudnak vizsg\u00e1zni a k\u00fcl\u00f6nb\u00f6z\u0151 r\u00e9szfolyamatokb\u00f3l, \u00edgy maguknak tudj\u00e1k \u00f6sszerakni a saj\u00e1t b\u00e9r\u00fcket.\u00a0Vagyis <strong>differenci\u00e1ltan kapj\u00e1k a fizet\u00e9s\u00fcket a tud\u00e1suk alapj\u00e1n. <\/strong><\/p>\n\n\n\n<p>Az elm\u00falt egy \u00e9vre visszagondolva<strong> mindh\u00e1rman egyet\u00e9rtettek abban,<\/strong> hogy a munkav\u00e1llal\u00f3k f\u00e1radts\u00e1ga egyre ink\u00e1bb \u00e9rezhet\u0151. \u00c9ppen ez\u00e9rt <strong>kiemelten fontos a vezet\u0151k fel\u0151li ny\u00edlt \u00e9s \u0151szinte kommunik\u00e1ci\u00f3.\u00a0<\/strong><\/p>\n\n\n\n<p class=\"has-text-align-center\"><strong>A\u00a0<a href=\"https:\/\/zyntern.com\/\">Zyntern.com \u00c1ll\u00e1sport\u00e1l<\/a>\u00a0csapata id\u00e9n \u0151sszel k\u00f6rbej\u00e1rja Magyarorsz\u00e1g k\u00fcl\u00f6nb\u00f6z\u0151 t\u00e9rs\u00e9geinek munkaer\u0151piaci helyzet\u00e9t a<strong>\u00a0HR Percek sorozattal<\/strong>. Ne maradj le\u00a0<a href=\"https:\/\/zyntern.com\/bloggyori-hr-percek\/\">gy\u0151ri<\/a>, <a href=\"https:\/\/zyntern.com\/blogssc-korkep-debrecen-kornyeken\/\">debreceni<\/a> \u00e9s\u00a0<a href=\"https:\/\/zyntern.com\/blogzyntern-hr-percek-virtualis-kaveszunet-munkaeropiaci-korkep-miskolcon\/\">miskolci<\/a>\u00a0besz\u00e9lget\u00e9seinkr\u0151l sem!<\/strong><\/p>\n\n\n\n<h2 class=\"has-text-align-center\">Ha pedigp\u00e1lyakezd\u0151ket toborzn\u00e1l akkor l\u00e1togass oldalunkra \u00e9s tal\u00e1ld meg \u00e1lmaid gyakornok\u00e1t!<\/h2>\n\n\n\n<div class=\"wp-container-3 wp-block-buttons aligncenter\">\n<div class=\"wp-block-button\"><a class=\"wp-block-button__link has-background\" href=\"https:\/\/zyntern.com\/\" style=\"background-color:#3c1c4a\" target=\"_blank\" rel=\"noreferrer noopener\">Csekkolom a Zyntern.com-ot!<\/a><\/div>\n<\/div>\n","protected":false},"excerpt":{"rendered":"<p>\u00c9rdekel, hogy fest a munkaer\u0151piaci k\u00f6rk\u00e9p Kom\u00e1rom-Esztergom megy\u00e9ben, 2021-ben? \u00cdgy k\u00fczdenek meg a Coviddal a c\u00e9gek \u00c9szak-Magyarorsz\u00e1gon! <\/p>\n","protected":false},"author":14,"featured_media":7428,"comment_status":"closed","ping_status":"closed","sticky":false,"template":"","format":"standard","meta":[],"categories":[50],"tags":[],"yoast_head":"<!-- This site is optimized with the Yoast SEO plugin v20.6 - https:\/\/yoast.com\/wordpress\/plugins\/seo\/ -->\n<title>Zyntern HR percek, virtu\u00e1lis k\u00e1v\u00e9sz\u00fcnet Kom\u00e1rom-Esztergomban<\/title>\n<meta name=\"description\" content=\"\u00c9rdekel, hogy fest a munkaer\u0151piaci k\u00f6rk\u00e9p Kom\u00e1rom-Esztergom megy\u00e9ben, 2021-ben? \u00cdgy k\u00fczdenek meg a Coviddal a c\u00e9gek \u00c9szak-Magyarorsz\u00e1gon!\" \/>\n<meta name=\"robots\" content=\"index, follow, max-snippet:-1, max-image-preview:large, max-video-preview:-1\" \/>\n<link rel=\"canonical\" href=\"https:\/\/zyntern.com\/blog\/zyntern-hr-percek-komarom-esztergomban\/\" \/>\n<meta property=\"og:locale\" content=\"hu_HU\" \/>\n<meta property=\"og:type\" content=\"article\" \/>\n<meta property=\"og:title\" content=\"Zyntern HR percek, virtu\u00e1lis k\u00e1v\u00e9sz\u00fcnet Kom\u00e1rom-Esztergomban\" \/>\n<meta property=\"og:description\" content=\"\u00c9rdekel, hogy fest a munkaer\u0151piaci k\u00f6rk\u00e9p Kom\u00e1rom-Esztergom megy\u00e9ben, 2021-ben? \u00cdgy k\u00fczdenek meg a Coviddal a c\u00e9gek \u00c9szak-Magyarorsz\u00e1gon!\" \/>\n<meta property=\"og:url\" content=\"https:\/\/zyntern.com\/blog\/zyntern-hr-percek-komarom-esztergomban\/\" \/>\n<meta property=\"og:site_name\" content=\"Zyntern.com Blog\" \/>\n<meta property=\"article:publisher\" content=\"https:\/\/www.facebook.com\/zyntern\" \/>\n<meta property=\"article:published_time\" content=\"2021-04-13T15:10:51+00:00\" \/>\n<meta property=\"article:modified_time\" content=\"2021-04-13T15:11:57+00:00\" \/>\n<meta property=\"og:image\" content=\"https:\/\/zyntern.com\/blog\/wp-content\/uploads\/2021\/04\/hr-percek-koma\u0301rom-esztergom.jpg\" \/>\n\t<meta property=\"og:image:width\" content=\"1200\" \/>\n\t<meta property=\"og:image:height\" content=\"1200\" \/>\n\t<meta property=\"og:image:type\" content=\"image\/jpeg\" \/>\n<meta name=\"author\" content=\"Borb\u00e1la T\u00f3th\" \/>\n<meta name=\"twitter:card\" content=\"summary_large_image\" \/>\n<meta name=\"twitter:label1\" content=\"Szerz\u0151:\" \/>\n\t<meta name=\"twitter:data1\" content=\"Borb\u00e1la T\u00f3th\" \/>\n\t<meta name=\"twitter:label2\" content=\"Becs\u00fclt olvas\u00e1si id\u0151\" \/>\n\t<meta name=\"twitter:data2\" content=\"7 perc\" \/>\n<script type=\"application\/ld+json\" class=\"yoast-schema-graph\">{\"@context\":\"https:\/\/schema.org\",\"@graph\":[{\"@type\":\"Article\",\"@id\":\"https:\/\/zyntern.com\/blog\/zyntern-hr-percek-komarom-esztergomban\/#article\",\"isPartOf\":{\"@id\":\"https:\/\/zyntern.com\/blog\/zyntern-hr-percek-komarom-esztergomban\/\"},\"author\":{\"name\":\"Borb\u00e1la T\u00f3th\",\"@id\":\"https:\/\/zyntern.com\/blog\/#\/schema\/person\/2161b918f9b7a8a2206b051de6c8da1a\"},\"headline\":\"Zyntern HR percek, virtu\u00e1lis k\u00e1v\u00e9sz\u00fcnet Kom\u00e1rom-Esztergomban\",\"datePublished\":\"2021-04-13T15:10:51+00:00\",\"dateModified\":\"2021-04-13T15:11:57+00:00\",\"mainEntityOfPage\":{\"@id\":\"https:\/\/zyntern.com\/blog\/zyntern-hr-percek-komarom-esztergomban\/\"},\"wordCount\":1736,\"publisher\":{\"@id\":\"https:\/\/zyntern.com\/blog\/#organization\"},\"articleSection\":[\"HR szakm\u00e1nak sz\u00f3l\u00f3 tartalmak\"],\"inLanguage\":\"hu\"},{\"@type\":\"WebPage\",\"@id\":\"https:\/\/zyntern.com\/blog\/zyntern-hr-percek-komarom-esztergomban\/\",\"url\":\"https:\/\/zyntern.com\/blog\/zyntern-hr-percek-komarom-esztergomban\/\",\"name\":\"Zyntern HR percek, virtu\u00e1lis k\u00e1v\u00e9sz\u00fcnet Kom\u00e1rom-Esztergomban\",\"isPartOf\":{\"@id\":\"https:\/\/zyntern.com\/blog\/#website\"},\"datePublished\":\"2021-04-13T15:10:51+00:00\",\"dateModified\":\"2021-04-13T15:11:57+00:00\",\"description\":\"\u00c9rdekel, hogy fest a munkaer\u0151piaci k\u00f6rk\u00e9p Kom\u00e1rom-Esztergom megy\u00e9ben, 2021-ben? \u00cdgy k\u00fczdenek meg a Coviddal a c\u00e9gek \u00c9szak-Magyarorsz\u00e1gon!\",\"breadcrumb\":{\"@id\":\"https:\/\/zyntern.com\/blog\/zyntern-hr-percek-komarom-esztergomban\/#breadcrumb\"},\"inLanguage\":\"hu\",\"potentialAction\":[{\"@type\":\"ReadAction\",\"target\":[\"https:\/\/zyntern.com\/blog\/zyntern-hr-percek-komarom-esztergomban\/\"]}]},{\"@type\":\"BreadcrumbList\",\"@id\":\"https:\/\/zyntern.com\/blog\/zyntern-hr-percek-komarom-esztergomban\/#breadcrumb\",\"itemListElement\":[{\"@type\":\"ListItem\",\"position\":1,\"name\":\"Home\",\"item\":\"https:\/\/zyntern.com\/blog\/\"},{\"@type\":\"ListItem\",\"position\":2,\"name\":\"Zyntern HR percek, virtu\u00e1lis k\u00e1v\u00e9sz\u00fcnet Kom\u00e1rom-Esztergomban\"}]},{\"@type\":\"WebSite\",\"@id\":\"https:\/\/zyntern.com\/blog\/#website\",\"url\":\"https:\/\/zyntern.com\/blog\/\",\"name\":\"Zyntern.com Blog\",\"description\":\"Tippek \u00e9s tr\u00fckk\u00f6k az \u00e1ll\u00e1skeres\u00e9sr\u00f3l minden p\u00e1lyakezd\u0151 sz\u00e1m\u00e1ra egyenesen a Zyntern.com szak\u00e9rt\u0151i csapat\u00e1t\u00f3l. K\u00e9sz\u00fclj fel vel\u00fcnk a karrierutadra!\",\"publisher\":{\"@id\":\"https:\/\/zyntern.com\/blog\/#organization\"},\"potentialAction\":[{\"@type\":\"SearchAction\",\"target\":{\"@type\":\"EntryPoint\",\"urlTemplate\":\"https:\/\/zyntern.com\/blog\/?s={search_term_string}\"},\"query-input\":\"required name=search_term_string\"}],\"inLanguage\":\"hu\"},{\"@type\":\"Organization\",\"@id\":\"https:\/\/zyntern.com\/blog\/#organization\",\"name\":\"Zyntern.com\",\"url\":\"https:\/\/zyntern.com\/blog\/\",\"logo\":{\"@type\":\"ImageObject\",\"inLanguage\":\"hu\",\"@id\":\"https:\/\/zyntern.com\/blog\/#\/schema\/logo\/image\/\",\"url\":\"https:\/\/zyntern.com\/blog\/wp-content\/uploads\/2020\/06\/ZY-BLOG-LOGO-U\u0301J-1.png\",\"contentUrl\":\"https:\/\/zyntern.com\/blog\/wp-content\/uploads\/2020\/06\/ZY-BLOG-LOGO-U\u0301J-1.png\",\"width\":1000,\"height\":300,\"caption\":\"Zyntern.com\"},\"image\":{\"@id\":\"https:\/\/zyntern.com\/blog\/#\/schema\/logo\/image\/\"},\"sameAs\":[\"https:\/\/www.facebook.com\/zyntern\",\"https:\/\/www.instagram.com\/z.y.ntern\/\",\"https:\/\/www.linkedin.com\/company\/zyntern\/\",\"https:\/\/www.youtube.com\/channel\/UCIzCOOufS8cD1x4em9BuI2g\"]},{\"@type\":\"Person\",\"@id\":\"https:\/\/zyntern.com\/blog\/#\/schema\/person\/2161b918f9b7a8a2206b051de6c8da1a\",\"name\":\"Borb\u00e1la T\u00f3th\",\"url\":\"https:\/\/zyntern.com\/blog\/author\/bori\/\"}]}<\/script>\n<!-- \/ Yoast SEO plugin. -->","yoast_head_json":{"title":"Zyntern HR percek, virtu\u00e1lis k\u00e1v\u00e9sz\u00fcnet Kom\u00e1rom-Esztergomban","description":"\u00c9rdekel, hogy fest a munkaer\u0151piaci k\u00f6rk\u00e9p Kom\u00e1rom-Esztergom megy\u00e9ben, 2021-ben? \u00cdgy k\u00fczdenek meg a Coviddal a c\u00e9gek \u00c9szak-Magyarorsz\u00e1gon!","robots":{"index":"index","follow":"follow","max-snippet":"max-snippet:-1","max-image-preview":"max-image-preview:large","max-video-preview":"max-video-preview:-1"},"canonical":"https:\/\/zyntern.com\/blog\/zyntern-hr-percek-komarom-esztergomban\/","og_locale":"hu_HU","og_type":"article","og_title":"Zyntern HR percek, virtu\u00e1lis k\u00e1v\u00e9sz\u00fcnet Kom\u00e1rom-Esztergomban","og_description":"\u00c9rdekel, hogy fest a munkaer\u0151piaci k\u00f6rk\u00e9p Kom\u00e1rom-Esztergom megy\u00e9ben, 2021-ben? \u00cdgy k\u00fczdenek meg a Coviddal a c\u00e9gek \u00c9szak-Magyarorsz\u00e1gon!","og_url":"https:\/\/zyntern.com\/blog\/zyntern-hr-percek-komarom-esztergomban\/","og_site_name":"Zyntern.com Blog","article_publisher":"https:\/\/www.facebook.com\/zyntern","article_published_time":"2021-04-13T15:10:51+00:00","article_modified_time":"2021-04-13T15:11:57+00:00","og_image":[{"width":1200,"height":1200,"url":"https:\/\/zyntern.com\/blog\/wp-content\/uploads\/2021\/04\/hr-percek-koma\u0301rom-esztergom.jpg","type":"image\/jpeg"}],"author":"Borb\u00e1la T\u00f3th","twitter_card":"summary_large_image","twitter_misc":{"Szerz\u0151:":"Borb\u00e1la T\u00f3th","Becs\u00fclt olvas\u00e1si id\u0151":"7 perc"},"schema":{"@context":"https:\/\/schema.org","@graph":[{"@type":"Article","@id":"https:\/\/zyntern.com\/blog\/zyntern-hr-percek-komarom-esztergomban\/#article","isPartOf":{"@id":"https:\/\/zyntern.com\/blog\/zyntern-hr-percek-komarom-esztergomban\/"},"author":{"name":"Borb\u00e1la T\u00f3th","@id":"https:\/\/zyntern.com\/blog\/#\/schema\/person\/2161b918f9b7a8a2206b051de6c8da1a"},"headline":"Zyntern HR percek, virtu\u00e1lis k\u00e1v\u00e9sz\u00fcnet Kom\u00e1rom-Esztergomban","datePublished":"2021-04-13T15:10:51+00:00","dateModified":"2021-04-13T15:11:57+00:00","mainEntityOfPage":{"@id":"https:\/\/zyntern.com\/blog\/zyntern-hr-percek-komarom-esztergomban\/"},"wordCount":1736,"publisher":{"@id":"https:\/\/zyntern.com\/blog\/#organization"},"articleSection":["HR szakm\u00e1nak sz\u00f3l\u00f3 tartalmak"],"inLanguage":"hu"},{"@type":"WebPage","@id":"https:\/\/zyntern.com\/blog\/zyntern-hr-percek-komarom-esztergomban\/","url":"https:\/\/zyntern.com\/blog\/zyntern-hr-percek-komarom-esztergomban\/","name":"Zyntern HR percek, virtu\u00e1lis k\u00e1v\u00e9sz\u00fcnet Kom\u00e1rom-Esztergomban","isPartOf":{"@id":"https:\/\/zyntern.com\/blog\/#website"},"datePublished":"2021-04-13T15:10:51+00:00","dateModified":"2021-04-13T15:11:57+00:00","description":"\u00c9rdekel, hogy fest a munkaer\u0151piaci k\u00f6rk\u00e9p Kom\u00e1rom-Esztergom megy\u00e9ben, 2021-ben? \u00cdgy k\u00fczdenek meg a Coviddal a c\u00e9gek \u00c9szak-Magyarorsz\u00e1gon!","breadcrumb":{"@id":"https:\/\/zyntern.com\/blog\/zyntern-hr-percek-komarom-esztergomban\/#breadcrumb"},"inLanguage":"hu","potentialAction":[{"@type":"ReadAction","target":["https:\/\/zyntern.com\/blog\/zyntern-hr-percek-komarom-esztergomban\/"]}]},{"@type":"BreadcrumbList","@id":"https:\/\/zyntern.com\/blog\/zyntern-hr-percek-komarom-esztergomban\/#breadcrumb","itemListElement":[{"@type":"ListItem","position":1,"name":"Home","item":"https:\/\/zyntern.com\/blog\/"},{"@type":"ListItem","position":2,"name":"Zyntern HR percek, virtu\u00e1lis k\u00e1v\u00e9sz\u00fcnet Kom\u00e1rom-Esztergomban"}]},{"@type":"WebSite","@id":"https:\/\/zyntern.com\/blog\/#website","url":"https:\/\/zyntern.com\/blog\/","name":"Zyntern.com Blog","description":"Tippek \u00e9s tr\u00fckk\u00f6k az \u00e1ll\u00e1skeres\u00e9sr\u00f3l minden p\u00e1lyakezd\u0151 sz\u00e1m\u00e1ra egyenesen a Zyntern.com szak\u00e9rt\u0151i csapat\u00e1t\u00f3l. K\u00e9sz\u00fclj fel vel\u00fcnk a karrierutadra!","publisher":{"@id":"https:\/\/zyntern.com\/blog\/#organization"},"potentialAction":[{"@type":"SearchAction","target":{"@type":"EntryPoint","urlTemplate":"https:\/\/zyntern.com\/blog\/?s={search_term_string}"},"query-input":"required name=search_term_string"}],"inLanguage":"hu"},{"@type":"Organization","@id":"https:\/\/zyntern.com\/blog\/#organization","name":"Zyntern.com","url":"https:\/\/zyntern.com\/blog\/","logo":{"@type":"ImageObject","inLanguage":"hu","@id":"https:\/\/zyntern.com\/blog\/#\/schema\/logo\/image\/","url":"https:\/\/zyntern.com\/blog\/wp-content\/uploads\/2020\/06\/ZY-BLOG-LOGO-U\u0301J-1.png","contentUrl":"https:\/\/zyntern.com\/blog\/wp-content\/uploads\/2020\/06\/ZY-BLOG-LOGO-U\u0301J-1.png","width":1000,"height":300,"caption":"Zyntern.com"},"image":{"@id":"https:\/\/zyntern.com\/blog\/#\/schema\/logo\/image\/"},"sameAs":["https:\/\/www.facebook.com\/zyntern","https:\/\/www.instagram.com\/z.y.ntern\/","https:\/\/www.linkedin.com\/company\/zyntern\/","https:\/\/www.youtube.com\/channel\/UCIzCOOufS8cD1x4em9BuI2g"]},{"@type":"Person","@id":"https:\/\/zyntern.com\/blog\/#\/schema\/person\/2161b918f9b7a8a2206b051de6c8da1a","name":"Borb\u00e1la T\u00f3th","url":"https:\/\/zyntern.com\/blog\/author\/bori\/"}]}},"_links":{"self":[{"href":"https:\/\/zyntern.com\/blog\/wp-json\/wp\/v2\/posts\/7404"}],"collection":[{"href":"https:\/\/zyntern.com\/blog\/wp-json\/wp\/v2\/posts"}],"about":[{"href":"https:\/\/zyntern.com\/blog\/wp-json\/wp\/v2\/types\/post"}],"author":[{"embeddable":true,"href":"https:\/\/zyntern.com\/blog\/wp-json\/wp\/v2\/users\/14"}],"replies":[{"embeddable":true,"href":"https:\/\/zyntern.com\/blog\/wp-json\/wp\/v2\/comments?post=7404"}],"version-history":[{"count":13,"href":"https:\/\/zyntern.com\/blog\/wp-json\/wp\/v2\/posts\/7404\/revisions"}],"predecessor-version":[{"id":7490,"href":"https:\/\/zyntern.com\/blog\/wp-json\/wp\/v2\/posts\/7404\/revisions\/7490"}],"wp:featuredmedia":[{"embeddable":true,"href":"https:\/\/zyntern.com\/blog\/wp-json\/wp\/v2\/media\/7428"}],"wp:attachment":[{"href":"https:\/\/zyntern.com\/blog\/wp-json\/wp\/v2\/media?parent=7404"}],"wp:term":[{"taxonomy":"category","embeddable":true,"href":"https:\/\/zyntern.com\/blog\/wp-json\/wp\/v2\/categories?post=7404"},{"taxonomy":"post_tag","embeddable":true,"href":"https:\/\/zyntern.com\/blog\/wp-json\/wp\/v2\/tags?post=7404"}],"curies":[{"name":"wp","href":"https:\/\/api.w.org\/{rel}","templated":true}]}}