{"id":7501,"date":"2021-04-27T11:27:03","date_gmt":"2021-04-27T10:27:03","guid":{"rendered":"https:\/\/zyntern.com\/blog?p=7501"},"modified":"2021-04-27T11:36:27","modified_gmt":"2021-04-27T10:36:27","slug":"igy-toltsd-ki-a-zyntern-profilodat","status":"publish","type":"post","link":"https:\/\/zyntern.com\/blog\/igy-toltsd-ki-a-zyntern-profilodat\/","title":{"rendered":"\u00cdgy t\u00f6ltsd ki a Zyntern profilodat, hogy biztosan t\u00e9ged v\u00e1lasszanak!"},"content":{"rendered":"\n<p><strong>Ha m\u00e1r leadod a jelentkez\u00e9sedet egy \u00e1ll\u00e1sra, nyilv\u00e1nval\u00f3an szeretn\u00e9d, ha pozit\u00edv v\u00e1laszt kapn\u00e1l. Tudtad hogy a c\u00e9gek \u00e1tlagosan 30 mp-et t\u00f6ltenek egy jelentkez\u0151 profilj\u00e1val? Ennyi id\u0151d van meggy\u0151zni \u0151ket arr\u00f3l, hogy T\u00e9ged v\u00e1lasszanak. Mi a top 3-4 dolog, amit megn\u00e9znek a kiv\u00e1laszt\u00e1sn\u00e1l? Els\u0151 a&nbsp; munkatapasztalat, m\u00e1sodik a tanulm\u00e1nyok, majd a k\u00e9pess\u00e9gek \u00e9s a r\u00f6vid bemutatkoz\u00e1s. Most el\u00e1ruljuk, szerint\u00fcnk hogyan lehet egy kiemelked\u0151en j\u00f3 profilt l\u00e9trehozni, mellyel kit\u0171nhetsz a sok jelentkez\u0151 k\u00f6z\u00fcl, \u00e9s j\u00f3 es\u00e9llyel sokkal t\u00f6bb \u00e1ll\u00e1sinterj\u00fara kapsz megh\u00edv\u00f3t.<\/strong><\/p>\n\n\n\n<div class=\"wp-block-image\"><figure class=\"alignright\"><img src=\"https:\/\/media2.giphy.com\/media\/VJSznlHuIWCx4uO70P\/giphy.gif?cid=ecf05e47olwyvku9zxxqdn1t5wpfucgy42e143uxtr9r3zh0&amp;rid=giphy.gif&amp;ct=g\" alt=\"I got the job gif\"\/><\/figure><\/div>\n\n\n\n<p>A Zyntern-re regisztr\u00e1lni mindenn\u00e9l egyszer\u0171bb, csup\u00e1n n\u00e9h\u00e1ny alapadat megad\u00e1sa ut\u00e1n m\u00e1r \u00e9les\u00edtheted is profilod. Az viszont t\u0151led f\u00fcgg, mennyi inform\u00e1ci\u00f3t osztasz meg magadr\u00f3l, mennyi id\u0151t \u00e9s energi\u00e1t fektetsz abba, hogy r\u00e1d tal\u00e1ljanak a legjobb nyitott poz\u00edci\u00f3k!<\/p>\n\n\n\n<p><strong>\u00cdme 6 tipp ahhoz, hogy is n\u00e9z ki szerint\u00fcnk egy etalon di\u00e1kprofil:<\/strong><\/p>\n\n\n\n<h2>1. <strong>\u00c1ll\u00edtsd be pontosan milyen munk\u00e1k \u00e9rdekelnek<\/strong><\/h2>\n\n\n\n<p>Fontos pontja a Zyntern profilodnak, hogy <strong>megjel\u00f6ld, milyen t\u00edpus\u00fa munk\u00e1t keresel. <\/strong>Tegy\u00fcnk rendet most a kateg\u00f3ri\u00e1k k\u00f6z\u00f6tt:&nbsp;<\/p>\n\n\n\n<p><strong>Di\u00e1kmunka<\/strong>: felt\u00e9teleir\u0151l <a href=\"https:\/\/www.eudiakok.hu\/munkavallalas_feltetelei\">itt<\/a> olvashatsz r\u00e9szletesen.<\/p>\n\n\n\n<p><strong>Szakmai gyakorlat:<\/strong> kereteiben megegyezik a di\u00e1kmunk\u00e1val, az elv\u00e9gzend\u0151 feladatok viszont szakmaiak, \u00e9s j\u00f3 esetben megegyezik a tanulm\u00e1nyaiddal (pl: IT, HR)<\/p>\n\n\n\n<p><strong>\u00d6nk\u00e9ntes munka:<\/strong> Nonprofit szervezetekn\u00e9l v\u00e9gezhet\u0151 munka, mely\u00e9rt cser\u00e9be nem kapsz juttat\u00e1st.&nbsp;<\/p>\n\n\n\n<p><strong>Frissdiplom\u00e1s \u00e1ll\u00e1s:<\/strong> ahogyan a nev\u00e9b\u0151l is l\u00e1tszik, az egyetem befejez\u00e9se ut\u00e1n tudod megc\u00e9lozni ezeket a poz\u00edci\u00f3kat.&nbsp;<\/p>\n\n\n\n<figure class=\"wp-block-image\"><img src=\"https:\/\/lh4.googleusercontent.com\/bAktzECRqGO9_BnhMDNNvc1uPndHLoeB8tBaSr0fAgGMnlPKqLacw1Yj5r0-Ev96cyrpGftz2MVbswu25eG4dqIzsK5tEeSYceAEtsdgHgSprUrVskGH_G48uZqwnA\" alt=\"Munkapreferenci\u00e1k be\u00e1ll\u00edt\u00e1sa az oldalonn\"\/><\/figure>\n\n\n\n<p><strong>Az is fontos milyen ter\u00fclet \u00e9rdekel! <\/strong>Prefer\u00e1lt szakter\u00fcletn\u00e9l (Marketing, IT, Logisztika), t\u00f6bbet is megadhatsz, viszont \u00e9rdemes olyanokat megjel\u00f6lni, amik egyr\u00e9szt t\u00e9nyleg \u00e9rdekelnek, m\u00e1sr\u00e9szt pedig kapcsol\u00f3dnak egym\u00e1shoz. <strong>Nem k\u00f6telez\u0151 a k\u00e9pzetts\u00e9gednek megfelelnie a bejel\u00f6lt ter\u00fclettel. <\/strong>Att\u00f3l m\u00e9g, hogy marketingen tanulsz nyugodtan bejel\u00f6lheted a turizmus \u00e9s vend\u00e9gl\u00e1t\u00e1st, k\u00fcl\u00f6n\u00f6sen, ha van relev\u00e1ns tapasztalatod. Ugyanakkor, az\u00e9rt igyekezz a realit\u00e1s talaj\u00e1n maradni, csak olyan helyre jelentkezz, ahol t\u00e9nyleg alkalmas vagy az adott munkak\u00f6rre.&nbsp;<\/p>\n\n\n\n<p>\u00c9rdemes m\u00e9g <strong>megadnod a prefer\u00e1lt munkaid\u0151t <\/strong>(max mennyit tudsz v\u00e1llalni suli \u00e9s egy\u00e9b tev\u00e9lenys\u00e9geid mellett). Ez az\u00e9rt l\u00e9nyeges, mert j\u00f3, ha tudja a c\u00e9g, kb. hogyan tud tervezni veled.<\/p>\n\n\n\n<p>Nem utols\u00f3 sorban pedig <strong>jel\u00f6ld a prefer\u00e1lt lok\u00e1ci\u00f3t.<\/strong> V\u00e1rost, orsz\u00e1gr\u00e9szt, de ak\u00e1r pontosabb&nbsp; helyeket pl. suli, lakhely is megadhatsz a relev\u00e1nsabb tal\u00e1latok\u00e9rt.&nbsp;<\/p>\n\n\n\n<h2>2. <strong>Mindennek az alf\u00e1ja \u00e9s omeg\u00e1ja: a k\u00e9pek.<\/strong><\/h2>\n\n\n\n<p><strong>K\u00f6zel sem mindegy <a href=\"https:\/\/zyntern.com\/bloghogyan-csinalj-profi-cv-fotot\/\">milyen fot\u00f3t v\u00e1lasztasz profilk\u00e9pnek<\/a>, \u00e9s a bor\u00edt\u00f3k\u00e9p v\u00e1laszt\u00e1s\u00e1n is sok m\u00falik.<\/strong> Az is fontos, hogy \u00f6sszhangban legyen a szem\u00e9lyis\u00e9geddel, hiteles \u00e9s v\u00e1llalhat\u00f3 legyen (ne feledd, hogy a munkaad\u00f3knak ez az els\u0151 ami felt\u0171nik, ha a profilodra n\u00e9znek). Tan\u00e1csos a vil\u00e1gosabb fot\u00f3k haszn\u00e1lata, ker\u00fclend\u0151 a s\u00f6t\u00e9t, vagy az esetleges feliratokat tartalmaz\u00f3 fot\u00f3k. Figyelj a felbont\u00e1sra! Cs\u00fanya tud lenni egy pixeles fot\u00f3 (ezt a profil l\u00e9trehoz\u00e1sa k\u00f6zben jobb oldali el\u0151n\u00e9zet form\u00e1tumban tudod csekkolni).<\/p>\n\n\n\n<figure class=\"wp-block-image\"><img src=\"https:\/\/lh5.googleusercontent.com\/xSDkPgmiix7P6GUGUZoqWIzwsao8_dKa8ecECEaA_xGxQ1pJTBx95_nXZXMRVYxKWoA3WEUWxUkDbeejd2ojI7oBYnbNwF_n5ZbNXzqlgxR1xhJ6O2pof8hwwdQA6g\" alt=\"Mintaprofil k\u00e9pei \"\/><\/figure>\n\n\n\n<h2>3. <strong>Nyelvi \u00e9s egy\u00e9b k\u00e9pess\u00e9gek, kompetenci\u00e1k<\/strong><\/h2>\n\n\n\n<p><strong>Kiv\u00e1laszthatod az \u00e1ltalad besz\u00e9lt nyelveket, szintekkel egy\u00fctt.<\/strong> Fontos az \u0151szintes\u00e9g! Ne feledd, <strong>az anyanyelvedet is \u00e1ll\u00edtsd be<\/strong>, hogy mindenk\u00e9ppen \u00e9rtes\u00fclhess a hozz\u00e1d ill\u0151 (pl. a magyar nyelv\u0171) lehet\u0151s\u00e9gekr\u0151l!<\/p>\n\n\n\n<p>A soft (tulajdons\u00e1gok, pl. szorgalom) \u00e9s hard (konkr\u00e9t tud\u00e1s, pl. nyelvek) skilljeid a k\u00fcl\u00f6nb\u00f6z\u0151 projektek \u00e9s tapasztalatok sor\u00e1n sokat fejl\u0151dhetnek. <strong>\u00c9rdemes minden olyan k\u00e9pess\u00e9get kiv\u00e1lasztanod a hossz\u00fa list\u00e1b\u00f3l, melyhez az iskolai projektek, kor\u00e1bbi munk\u00e1id vagy hobbijaid sor\u00e1n szert tett\u00e9l.<\/strong> \u00d6n\u00e1ll\u00f3 vagy esetleg j\u00f3 csapatj\u00e1t\u00e9kos, j\u00f3 az \u00edr\u00e1sk\u00e9szs\u00e9ged vagy kened v\u00e1god a k\u00f6z\u00f6ss\u00e9gi m\u00e9dia fel\u00fcleteket? Mutasd meg j\u00f6v\u0151beni munk\u00e1ltat\u00f3idnak mire sz\u00e1m\u00edthatnak. Sz\u00e1nj erre elegend\u0151 id\u0151t, gondolj v\u00e9gig mindent alaposan, \u00e9s ha valamit nem tal\u00e1lsz a list\u00e1ban, eg\u00e9sz\u00edtsd ki b\u00e1tran! Form\u00e1ld saj\u00e1t k\u00e9pedre a fel\u00fcletet. \ud83d\ude42&nbsp;<\/p>\n\n\n\n<figure class=\"wp-block-image\"><img src=\"https:\/\/lh6.googleusercontent.com\/Bc2x7plBiySH4q1ABHxxN7TKUZvcFrzU-LPkaUyEkMMooO9Auf1YUecCHjc1-vXlOYv43Xxp6bOlDItQbQpwnlQGwFbZvs6XuqfLiS7uwlhf7WcAVAfJqkRF1DBgow\" alt=\"Mintaprofil k\u00e9pess\u00e9gei\"\/><\/figure>\n\n\n\n<h2>4. <strong>Tanulm\u00e1nyok<\/strong><\/h2>\n\n\n\n<p>Nyilv\u00e1nval\u00f3an fel kell t\u00fcntetni a tanulm\u00e1nyaidat, na de milyen r\u00e9szletesen? <strong>Min\u00e9l t\u00f6bb van, ann\u00e1l kevesebbet \u00edrj r\u00f3luk!<\/strong> Bev\u00e1lt ir\u00e1ny, ha az \u00f6n\u00e9letrajzodban az inform\u00e1ci\u00f3k mennyis\u00e9g\u00e9t az hat\u00e1rozza meg, hogy mennyi folyamatban l\u00e9v\u0151 vagy befejezett tanulm\u00e1nnyal, tapasztalattal rendelkezel. Min\u00e9l t\u00f6bb van bel\u0151l\u00fck, ann\u00e1l kevesebbet \u00e9rdemes r\u00e9szletezni. Ahogy gy\u0171jt\u00f6d a diplom\u00e1kat \u00fagy \u00e9rdemes egyre kevesebb inform\u00e1ci\u00f3t megosztanod a kor\u00e1bbi tanulm\u00e1nyaidr\u00f3l.<\/p>\n\n\n\n<p>Alapvet\u0151 tanulm\u00e1nyi inform\u00e1ci\u00f3k: iskol\u00e1d neve, szakod, szakir\u00e1nyod, illetve a szakdolgozatod t\u00e9m\u00e1ja, \u2013 ha volt \u2013 p\u00e1rhuzamos diplomaprogram \u00e9s k\u00fclf\u00f6ldi tanulm\u00e1nyaid f\u0151 tant\u00e1rgyainak felsorol\u00e1sa.<\/p>\n\n\n\n<figure class=\"wp-block-image\"><img src=\"https:\/\/lh3.googleusercontent.com\/LjiX7zVXhASC5JJVV7f-4zzqcsEsMZKiPK69jYS-x4t8dO0WHbxMzvJxUBO2tBB0juUcN188K4-IDZiPQz1yRiyLYFHS8BKeK2geO-xoAzNOgubqiiS02KU0n5fIFQ\" alt=\"Mintaprofil tanulm\u00e1nyok\"\/><\/figure>\n\n\n\n<h2>5. <strong>Szakmai tapasztalatok<\/strong><\/h2>\n\n\n\n<p>Ad\u00f3dik a k\u00e9rd\u00e9s, hogy ha most szeretn\u00e9d beind\u00edtani a karriered, hogy lenne szakmai tapasztalatod? <strong>Alapvet\u0151 igazs\u00e1g, hogy minden munkatapasztalat pozit\u00edv \u00e9s \u00e9rt\u00e9kes ha p\u00e1lyakezd\u0151 \u00f6n\u00e9letrajzr\u00f3l besz\u00e9l\u00fcnk.<\/strong> Ahogy a tanulm\u00e1nyok felsorol\u00e1sa kapcs\u00e1n, a r\u00e9szletess\u00e9g itt is att\u00f3l f\u00fcgg, hogy mennyi tapasztalattal rendelkezel. Ha els\u0151 gyakornoki poz\u00edci\u00f3dat keresed, akkor mindenk\u00e9ppen <strong>helye van a di\u00e1kmunk\u00e1nak a felsorol\u00e1sban. <\/strong>A vend\u00e9gl\u00e1t\u00f3s munk\u00e1k, a sz\u00f3r\u00f3lapoz\u00e1s, az adminisztrat\u00edv munka vagy, ha beseg\u00edtesz n\u00e9ha a csal\u00e1di v\u00e1llalkoz\u00e1sba, mind arra utalnak, hogy j\u00f3 a munkamor\u00e1lod. Ez az\u00e9rt is fontos, mert egyetlen helyen sem a vezet\u0151i sz\u00e9kben kezdesz \u00e9s a f\u0151n\u00f6keid szem\u00e9ben fontos \u00e9rt\u00e9k, ha nyitott vagy a k\u00fcl\u00f6nb\u00f6z\u0151 feladatokra.&nbsp;<\/p>\n\n\n\n<p><strong>Ha t\u00f6bb szakmai gyakorlattal rendelkezel<\/strong> \u00e9s az els\u0151 nagybet\u0171s, f\u0151\u00e1ll\u00e1s\u00fa munk\u00e1dat keresed, <strong>\u00e9rdemes a relev\u00e1ns tapasztalatokra szor\u00edtkozni<\/strong> csup\u00e1n az\u00e9rt, hogy ne legyen feleslegesen hossz\u00fa az \u00f6n\u00e9letrajzod.&nbsp;<\/p>\n\n\n\n<p>Gondolkodj a c\u00e9g fej\u00e9vel \u00e9s <strong>emeld ki azokat az inform\u00e1ci\u00f3kat, <\/strong>amiket fontosnak tartasz megeml\u00edteni a tapasztalataidn\u00e1l, bemutatkozodban (pl. r\u00e9szt vettem <strong>kommunik\u00e1ci\u00f3s kamp\u00e1nyok<\/strong> tervez\u00e9s\u00e9ben).<\/p>\n\n\n\n<p>Ami pedig a tartalmat illeti: <strong>melyik c\u00e9gn\u00e9l milyen poz\u00edci\u00f3t t\u00f6lt\u00f6tt\u00e9l be, foglald \u00f6ssze r\u00f6viden a f\u0151bb feladataidat, amelyek a megp\u00e1ly\u00e1zatott poz\u00edci\u00f3 szempontj\u00e1b\u00f3l a legrelev\u00e1nsabbak.<\/strong> K\u00e9s\u0151bb persze, ha m\u00e1r van \u00f6t, t\u00edz \u00e9v tapasztalatod k\u00fcl\u00f6nb\u00f6z\u0151 szakmai ter\u00fcleteken, akkor \u00e9rdemes szelekt\u00e1lni \u00e9s az adott poz\u00edci\u00f3 szempontj\u00e1b\u00f3l relev\u00e1nsokra koncentr\u00e1lni.<\/p>\n\n\n\n<figure class=\"wp-block-image\"><img src=\"https:\/\/lh6.googleusercontent.com\/fNN5UstJ1sI2dT7SKLCCol6vRnW6yW3iDZRzEGHaH7L4b673ISne9n6_JwBDVwEZpX_-oDNcoE0qbHu2hupMy2dNn2KwYboH3jDrlrBIHGQPXh5o5nfwlhtpR7MOUg\" alt=\"Mintaprofil Munkatapasztalat\"\/><\/figure>\n\n\n\n<h2>6. <strong>Hobbi<\/strong><\/h2>\n\n\n\n<p><strong>Tudtad, hogy a szabadid\u0151s tev\u00e9kenys\u00e9geid mint a sport, a nyaral\u00e1s, az olvas\u00e1s vagy a bulik szervez\u00e9se is rengeteg olyan tapasztalatot eredm\u00e9nyez, amit a munk\u00e1d sor\u00e1n is hasznos\u00edthatsz? <\/strong>Ezekr\u0151l a soft skilljeidr\u0151l hagyhatsz nyomot a Zyntern profilodban is, ha megadod hobbijaidat! A sport \u00e9s egy f\u00e9lig szakmai, f\u00e9lig szabadid\u0151s tev\u00e9kenys\u00e9g, mint a fot\u00f3z\u00e1s, olvas\u00e1s, blog\u00edr\u00e1s, k\u00f6z\u00f6ss\u00e9gi m\u00e9dia jelenl\u00e9t remek\u00fcl veszi ki mag\u00e1t p\u00e9ld\u00e1ul.&nbsp;<\/p>\n\n\n\n<figure class=\"wp-block-image\"><img src=\"https:\/\/lh5.googleusercontent.com\/oYy2A4UpC43PpLBAvPdv34HtE6zlmdvfclG1FxapU_ts5d_6nTImCIhZDzUPY2Do5MyyHOdZ-197xkfWKvSat5dlQZvsAqT6wVJOOtm7rXfANqLBZpN48hsB5dcuxA\" alt=\"Mintaprofil hobbi\"\/><\/figure>\n\n\n\n<p>Ha elk\u00e9sz\u00fclt a profilod <strong>ne felejtsd el n\u00e9ha frissiteni<\/strong> az \u00faj tanulm\u00e1nyaiddal, tapasztalataiddal, k\u00e9pess\u00e9geiddel.<strong> A profilodat le is mentheted egy men\u0151 \u00f6n\u00e9letrajzk\u00e9nt!<\/strong> Ezzel el\u00e9g sok id\u0151t meg tudsz sp\u00f3rolni, ha valahova be kell k\u00fcldened, de nyomtatott form\u00e1ban \u00e1ll\u00e1sb\u00f6rz\u00e9kre is t\u00f6k\u00e9letes!<\/p>\n\n\n\n<figure class=\"wp-container-2 wp-block-gallery-1 wp-block-gallery columns-2 is-cropped\"><ul class=\"blocks-gallery-grid\"><li class=\"blocks-gallery-item\"><figure><img fetchpriority=\"high\" width=\"874\" height=\"700\" src=\"https:\/\/zyntern.com\/blogwp-content\/uploads\/2021\/04\/Screenshot-2021-04-27-at-11.32.02.png\" alt=\"\" data-id=\"7505\" data-full-url=\"https:\/\/zyntern.com\/blogwp-content\/uploads\/2021\/04\/Screenshot-2021-04-27-at-11.32.02.png\" data-link=\"https:\/\/zyntern.com\/blog?attachment_id=7505\" class=\"wp-image-7505\" srcset=\"https:\/\/zyntern.com\/blog\/wp-content\/uploads\/2021\/04\/Screenshot-2021-04-27-at-11.32.02.png 874w, https:\/\/zyntern.com\/blog\/wp-content\/uploads\/2021\/04\/Screenshot-2021-04-27-at-11.32.02-300x240.png 300w, https:\/\/zyntern.com\/blog\/wp-content\/uploads\/2021\/04\/Screenshot-2021-04-27-at-11.32.02-768x615.png 768w\" sizes=\"(max-width: 874px) 100vw, 874px\" \/><figcaption class=\"blocks-gallery-item__caption\">Mintaprofil <\/figcaption><\/figure><\/li><li class=\"blocks-gallery-item\"><figure><img width=\"795\" height=\"645\" src=\"https:\/\/zyntern.com\/blogwp-content\/uploads\/2021\/04\/Screenshot-2021-04-23-at-10.29.56.png\" alt=\"\" data-id=\"7504\" data-link=\"https:\/\/zyntern.com\/blog?attachment_id=7504\" class=\"wp-image-7504\" srcset=\"https:\/\/zyntern.com\/blog\/wp-content\/uploads\/2021\/04\/Screenshot-2021-04-23-at-10.29.56.png 795w, https:\/\/zyntern.com\/blog\/wp-content\/uploads\/2021\/04\/Screenshot-2021-04-23-at-10.29.56-300x243.png 300w, https:\/\/zyntern.com\/blog\/wp-content\/uploads\/2021\/04\/Screenshot-2021-04-23-at-10.29.56-768x623.png 768w\" sizes=\"(max-width: 795px) 100vw, 795px\" \/><figcaption class=\"blocks-gallery-item__caption\">Minta let\u00f6lthet\u0151 \u00f6n\u00e9letrajz<\/figcaption><\/figure><\/li><\/ul><\/figure>\n\n\n\n<p>Rem\u00e9lj\u00fck tudtunk seg\u00edteni \u00e9s tippjeinket megfogadva \u00e1lmaid \u00e1ll\u00e1s\u00e1val ind\u00edthatod be a karriered!&nbsp;<\/p>\n\n\n\n<h3 class=\"has-text-align-center\"><strong>Regisztr\u00e1lj oldalunkra, teszteld le a t\u00f6k\u00e9letes profilodat \u00e9s tal\u00e1ld meg \u00e1lmaid \u00e1ll\u00e1s\u00e1t! <\/strong><\/h3>\n\n\n\n<div class=\"wp-container-3 wp-block-buttons aligncenter\">\n<div class=\"wp-block-button\"><a class=\"wp-block-button__link has-background\" href=\"https:\/\/zyntern.com\/\" style=\"background-color:#3c1c4a\">Csekkolom a Zyntern.com-ot!<\/a><\/div>\n<\/div>\n","protected":false},"excerpt":{"rendered":"<p>Tudtad hogy \u00e1tlagosan 30 mp-et t\u00f6ltenek a c\u00e9gek egy jelentkez\u0151 profilj\u00e1val? Mi a top 3-4 dolog, amit megn\u00e9znek a kiv\u00e1laszt\u00e1sn\u00e1l? Most el\u00e1ruljuk, szerint\u00fcnk hogyan t\u0171nhetsz ki a sok jelentkez\u0151 k\u00f6z\u00fcl!<\/p>\n","protected":false},"author":5,"featured_media":7518,"comment_status":"closed","ping_status":"closed","sticky":false,"template":"","format":"standard","meta":[],"categories":[47],"tags":[],"yoast_head":"<!-- This site is optimized with the Yoast SEO plugin v20.6 - https:\/\/yoast.com\/wordpress\/plugins\/seo\/ -->\n<title>\u00cdgy t\u00f6ltsd ki a Zyntern profilodat, hogy biztosan t\u00e9ged v\u00e1lasszanak!<\/title>\n<meta name=\"description\" content=\"Tudtad hogy \u00e1tlagosan 30 mp-et t\u00f6ltenek a c\u00e9gek egy jelentkez\u0151 profilj\u00e1val? Mi a top 3-4 dolog, amit megn\u00e9znek a kiv\u00e1laszt\u00e1sn\u00e1l?Most kider\u00fcl!\" \/>\n<meta name=\"robots\" content=\"index, follow, max-snippet:-1, max-image-preview:large, max-video-preview:-1\" \/>\n<link rel=\"canonical\" href=\"https:\/\/zyntern.com\/blog\/igy-toltsd-ki-a-zyntern-profilodat\/\" \/>\n<meta property=\"og:locale\" content=\"hu_HU\" \/>\n<meta property=\"og:type\" content=\"article\" \/>\n<meta property=\"og:title\" content=\"\u00cdgy t\u00f6ltsd ki a Zyntern profilodat, hogy biztosan t\u00e9ged v\u00e1lasszanak!\" \/>\n<meta property=\"og:description\" content=\"Tudtad hogy \u00e1tlagosan 30 mp-et t\u00f6ltenek a c\u00e9gek egy jelentkez\u0151 profilj\u00e1val? Mi a top 3-4 dolog, amit megn\u00e9znek a kiv\u00e1laszt\u00e1sn\u00e1l?Most kider\u00fcl!\" \/>\n<meta property=\"og:url\" content=\"https:\/\/zyntern.com\/blog\/igy-toltsd-ki-a-zyntern-profilodat\/\" \/>\n<meta property=\"og:site_name\" content=\"Zyntern.com Blog\" \/>\n<meta property=\"article:publisher\" content=\"https:\/\/www.facebook.com\/zyntern\" \/>\n<meta property=\"article:published_time\" content=\"2021-04-27T10:27:03+00:00\" \/>\n<meta property=\"article:modified_time\" content=\"2021-04-27T10:36:27+00:00\" \/>\n<meta property=\"og:image\" content=\"https:\/\/zyntern.com\/blog\/wp-content\/uploads\/2021\/04\/to\u0308ke\u0301letesprofil.jpg\" \/>\n\t<meta property=\"og:image:width\" content=\"1200\" \/>\n\t<meta property=\"og:image:height\" content=\"1200\" \/>\n\t<meta property=\"og:image:type\" content=\"image\/jpeg\" \/>\n<meta name=\"author\" content=\"No\u00e9mi T\u00fari\" \/>\n<meta name=\"twitter:card\" content=\"summary_large_image\" \/>\n<meta name=\"twitter:label1\" content=\"Szerz\u0151:\" \/>\n\t<meta name=\"twitter:data1\" content=\"No\u00e9mi T\u00fari\" \/>\n\t<meta name=\"twitter:label2\" content=\"Becs\u00fclt olvas\u00e1si id\u0151\" \/>\n\t<meta name=\"twitter:data2\" content=\"6 perc\" \/>\n<script type=\"application\/ld+json\" class=\"yoast-schema-graph\">{\"@context\":\"https:\/\/schema.org\",\"@graph\":[{\"@type\":\"Article\",\"@id\":\"https:\/\/zyntern.com\/blog\/igy-toltsd-ki-a-zyntern-profilodat\/#article\",\"isPartOf\":{\"@id\":\"https:\/\/zyntern.com\/blog\/igy-toltsd-ki-a-zyntern-profilodat\/\"},\"author\":{\"name\":\"No\u00e9mi T\u00fari\",\"@id\":\"https:\/\/zyntern.com\/blog\/#\/schema\/person\/5104c02a1fe7a550028305ac3afca7a6\"},\"headline\":\"\u00cdgy t\u00f6ltsd ki a Zyntern profilodat, hogy biztosan t\u00e9ged v\u00e1lasszanak!\",\"datePublished\":\"2021-04-27T10:27:03+00:00\",\"dateModified\":\"2021-04-27T10:36:27+00:00\",\"mainEntityOfPage\":{\"@id\":\"https:\/\/zyntern.com\/blog\/igy-toltsd-ki-a-zyntern-profilodat\/\"},\"wordCount\":1413,\"publisher\":{\"@id\":\"https:\/\/zyntern.com\/blog\/#organization\"},\"articleSection\":[\"Karriertippek P\u00e1lyakezd\u0151knek\"],\"inLanguage\":\"hu\"},{\"@type\":\"WebPage\",\"@id\":\"https:\/\/zyntern.com\/blog\/igy-toltsd-ki-a-zyntern-profilodat\/\",\"url\":\"https:\/\/zyntern.com\/blog\/igy-toltsd-ki-a-zyntern-profilodat\/\",\"name\":\"\u00cdgy t\u00f6ltsd ki a Zyntern profilodat, hogy biztosan t\u00e9ged v\u00e1lasszanak!\",\"isPartOf\":{\"@id\":\"https:\/\/zyntern.com\/blog\/#website\"},\"datePublished\":\"2021-04-27T10:27:03+00:00\",\"dateModified\":\"2021-04-27T10:36:27+00:00\",\"description\":\"Tudtad hogy \u00e1tlagosan 30 mp-et t\u00f6ltenek a c\u00e9gek egy jelentkez\u0151 profilj\u00e1val? Mi a top 3-4 dolog, amit megn\u00e9znek a kiv\u00e1laszt\u00e1sn\u00e1l?Most kider\u00fcl!\",\"breadcrumb\":{\"@id\":\"https:\/\/zyntern.com\/blog\/igy-toltsd-ki-a-zyntern-profilodat\/#breadcrumb\"},\"inLanguage\":\"hu\",\"potentialAction\":[{\"@type\":\"ReadAction\",\"target\":[\"https:\/\/zyntern.com\/blog\/igy-toltsd-ki-a-zyntern-profilodat\/\"]}]},{\"@type\":\"BreadcrumbList\",\"@id\":\"https:\/\/zyntern.com\/blog\/igy-toltsd-ki-a-zyntern-profilodat\/#breadcrumb\",\"itemListElement\":[{\"@type\":\"ListItem\",\"position\":1,\"name\":\"Home\",\"item\":\"https:\/\/zyntern.com\/blog\/\"},{\"@type\":\"ListItem\",\"position\":2,\"name\":\"\u00cdgy t\u00f6ltsd ki a Zyntern profilodat, hogy biztosan t\u00e9ged v\u00e1lasszanak!\"}]},{\"@type\":\"WebSite\",\"@id\":\"https:\/\/zyntern.com\/blog\/#website\",\"url\":\"https:\/\/zyntern.com\/blog\/\",\"name\":\"Zyntern.com Blog\",\"description\":\"Tippek \u00e9s tr\u00fckk\u00f6k az \u00e1ll\u00e1skeres\u00e9sr\u00f3l minden p\u00e1lyakezd\u0151 sz\u00e1m\u00e1ra egyenesen a Zyntern.com szak\u00e9rt\u0151i csapat\u00e1t\u00f3l. K\u00e9sz\u00fclj fel vel\u00fcnk a karrierutadra!\",\"publisher\":{\"@id\":\"https:\/\/zyntern.com\/blog\/#organization\"},\"potentialAction\":[{\"@type\":\"SearchAction\",\"target\":{\"@type\":\"EntryPoint\",\"urlTemplate\":\"https:\/\/zyntern.com\/blog\/?s={search_term_string}\"},\"query-input\":\"required name=search_term_string\"}],\"inLanguage\":\"hu\"},{\"@type\":\"Organization\",\"@id\":\"https:\/\/zyntern.com\/blog\/#organization\",\"name\":\"Zyntern.com\",\"url\":\"https:\/\/zyntern.com\/blog\/\",\"logo\":{\"@type\":\"ImageObject\",\"inLanguage\":\"hu\",\"@id\":\"https:\/\/zyntern.com\/blog\/#\/schema\/logo\/image\/\",\"url\":\"https:\/\/zyntern.com\/blog\/wp-content\/uploads\/2020\/06\/ZY-BLOG-LOGO-U\u0301J-1.png\",\"contentUrl\":\"https:\/\/zyntern.com\/blog\/wp-content\/uploads\/2020\/06\/ZY-BLOG-LOGO-U\u0301J-1.png\",\"width\":1000,\"height\":300,\"caption\":\"Zyntern.com\"},\"image\":{\"@id\":\"https:\/\/zyntern.com\/blog\/#\/schema\/logo\/image\/\"},\"sameAs\":[\"https:\/\/www.facebook.com\/zyntern\",\"https:\/\/www.instagram.com\/z.y.ntern\/\",\"https:\/\/www.linkedin.com\/company\/zyntern\/\",\"https:\/\/www.youtube.com\/channel\/UCIzCOOufS8cD1x4em9BuI2g\"]},{\"@type\":\"Person\",\"@id\":\"https:\/\/zyntern.com\/blog\/#\/schema\/person\/5104c02a1fe7a550028305ac3afca7a6\",\"name\":\"No\u00e9mi T\u00fari\",\"url\":\"https:\/\/zyntern.com\/blog\/author\/noemi\/\"}]}<\/script>\n<!-- \/ Yoast SEO plugin. -->","yoast_head_json":{"title":"\u00cdgy t\u00f6ltsd ki a Zyntern profilodat, hogy biztosan t\u00e9ged v\u00e1lasszanak!","description":"Tudtad hogy \u00e1tlagosan 30 mp-et t\u00f6ltenek a c\u00e9gek egy jelentkez\u0151 profilj\u00e1val? Mi a top 3-4 dolog, amit megn\u00e9znek a kiv\u00e1laszt\u00e1sn\u00e1l?Most kider\u00fcl!","robots":{"index":"index","follow":"follow","max-snippet":"max-snippet:-1","max-image-preview":"max-image-preview:large","max-video-preview":"max-video-preview:-1"},"canonical":"https:\/\/zyntern.com\/blog\/igy-toltsd-ki-a-zyntern-profilodat\/","og_locale":"hu_HU","og_type":"article","og_title":"\u00cdgy t\u00f6ltsd ki a Zyntern profilodat, hogy biztosan t\u00e9ged v\u00e1lasszanak!","og_description":"Tudtad hogy \u00e1tlagosan 30 mp-et t\u00f6ltenek a c\u00e9gek egy jelentkez\u0151 profilj\u00e1val? Mi a top 3-4 dolog, amit megn\u00e9znek a kiv\u00e1laszt\u00e1sn\u00e1l?Most kider\u00fcl!","og_url":"https:\/\/zyntern.com\/blog\/igy-toltsd-ki-a-zyntern-profilodat\/","og_site_name":"Zyntern.com Blog","article_publisher":"https:\/\/www.facebook.com\/zyntern","article_published_time":"2021-04-27T10:27:03+00:00","article_modified_time":"2021-04-27T10:36:27+00:00","og_image":[{"width":1200,"height":1200,"url":"https:\/\/zyntern.com\/blog\/wp-content\/uploads\/2021\/04\/to\u0308ke\u0301letesprofil.jpg","type":"image\/jpeg"}],"author":"No\u00e9mi T\u00fari","twitter_card":"summary_large_image","twitter_misc":{"Szerz\u0151:":"No\u00e9mi T\u00fari","Becs\u00fclt olvas\u00e1si id\u0151":"6 perc"},"schema":{"@context":"https:\/\/schema.org","@graph":[{"@type":"Article","@id":"https:\/\/zyntern.com\/blog\/igy-toltsd-ki-a-zyntern-profilodat\/#article","isPartOf":{"@id":"https:\/\/zyntern.com\/blog\/igy-toltsd-ki-a-zyntern-profilodat\/"},"author":{"name":"No\u00e9mi T\u00fari","@id":"https:\/\/zyntern.com\/blog\/#\/schema\/person\/5104c02a1fe7a550028305ac3afca7a6"},"headline":"\u00cdgy t\u00f6ltsd ki a Zyntern profilodat, hogy biztosan t\u00e9ged v\u00e1lasszanak!","datePublished":"2021-04-27T10:27:03+00:00","dateModified":"2021-04-27T10:36:27+00:00","mainEntityOfPage":{"@id":"https:\/\/zyntern.com\/blog\/igy-toltsd-ki-a-zyntern-profilodat\/"},"wordCount":1413,"publisher":{"@id":"https:\/\/zyntern.com\/blog\/#organization"},"articleSection":["Karriertippek P\u00e1lyakezd\u0151knek"],"inLanguage":"hu"},{"@type":"WebPage","@id":"https:\/\/zyntern.com\/blog\/igy-toltsd-ki-a-zyntern-profilodat\/","url":"https:\/\/zyntern.com\/blog\/igy-toltsd-ki-a-zyntern-profilodat\/","name":"\u00cdgy t\u00f6ltsd ki a Zyntern profilodat, hogy biztosan t\u00e9ged v\u00e1lasszanak!","isPartOf":{"@id":"https:\/\/zyntern.com\/blog\/#website"},"datePublished":"2021-04-27T10:27:03+00:00","dateModified":"2021-04-27T10:36:27+00:00","description":"Tudtad hogy \u00e1tlagosan 30 mp-et t\u00f6ltenek a c\u00e9gek egy jelentkez\u0151 profilj\u00e1val? Mi a top 3-4 dolog, amit megn\u00e9znek a kiv\u00e1laszt\u00e1sn\u00e1l?Most kider\u00fcl!","breadcrumb":{"@id":"https:\/\/zyntern.com\/blog\/igy-toltsd-ki-a-zyntern-profilodat\/#breadcrumb"},"inLanguage":"hu","potentialAction":[{"@type":"ReadAction","target":["https:\/\/zyntern.com\/blog\/igy-toltsd-ki-a-zyntern-profilodat\/"]}]},{"@type":"BreadcrumbList","@id":"https:\/\/zyntern.com\/blog\/igy-toltsd-ki-a-zyntern-profilodat\/#breadcrumb","itemListElement":[{"@type":"ListItem","position":1,"name":"Home","item":"https:\/\/zyntern.com\/blog\/"},{"@type":"ListItem","position":2,"name":"\u00cdgy t\u00f6ltsd ki a Zyntern profilodat, hogy biztosan t\u00e9ged v\u00e1lasszanak!"}]},{"@type":"WebSite","@id":"https:\/\/zyntern.com\/blog\/#website","url":"https:\/\/zyntern.com\/blog\/","name":"Zyntern.com Blog","description":"Tippek \u00e9s tr\u00fckk\u00f6k az \u00e1ll\u00e1skeres\u00e9sr\u00f3l minden p\u00e1lyakezd\u0151 sz\u00e1m\u00e1ra egyenesen a Zyntern.com szak\u00e9rt\u0151i csapat\u00e1t\u00f3l. K\u00e9sz\u00fclj fel vel\u00fcnk a karrierutadra!","publisher":{"@id":"https:\/\/zyntern.com\/blog\/#organization"},"potentialAction":[{"@type":"SearchAction","target":{"@type":"EntryPoint","urlTemplate":"https:\/\/zyntern.com\/blog\/?s={search_term_string}"},"query-input":"required name=search_term_string"}],"inLanguage":"hu"},{"@type":"Organization","@id":"https:\/\/zyntern.com\/blog\/#organization","name":"Zyntern.com","url":"https:\/\/zyntern.com\/blog\/","logo":{"@type":"ImageObject","inLanguage":"hu","@id":"https:\/\/zyntern.com\/blog\/#\/schema\/logo\/image\/","url":"https:\/\/zyntern.com\/blog\/wp-content\/uploads\/2020\/06\/ZY-BLOG-LOGO-U\u0301J-1.png","contentUrl":"https:\/\/zyntern.com\/blog\/wp-content\/uploads\/2020\/06\/ZY-BLOG-LOGO-U\u0301J-1.png","width":1000,"height":300,"caption":"Zyntern.com"},"image":{"@id":"https:\/\/zyntern.com\/blog\/#\/schema\/logo\/image\/"},"sameAs":["https:\/\/www.facebook.com\/zyntern","https:\/\/www.instagram.com\/z.y.ntern\/","https:\/\/www.linkedin.com\/company\/zyntern\/","https:\/\/www.youtube.com\/channel\/UCIzCOOufS8cD1x4em9BuI2g"]},{"@type":"Person","@id":"https:\/\/zyntern.com\/blog\/#\/schema\/person\/5104c02a1fe7a550028305ac3afca7a6","name":"No\u00e9mi T\u00fari","url":"https:\/\/zyntern.com\/blog\/author\/noemi\/"}]}},"_links":{"self":[{"href":"https:\/\/zyntern.com\/blog\/wp-json\/wp\/v2\/posts\/7501"}],"collection":[{"href":"https:\/\/zyntern.com\/blog\/wp-json\/wp\/v2\/posts"}],"about":[{"href":"https:\/\/zyntern.com\/blog\/wp-json\/wp\/v2\/types\/post"}],"author":[{"embeddable":true,"href":"https:\/\/zyntern.com\/blog\/wp-json\/wp\/v2\/users\/5"}],"replies":[{"embeddable":true,"href":"https:\/\/zyntern.com\/blog\/wp-json\/wp\/v2\/comments?post=7501"}],"version-history":[{"count":7,"href":"https:\/\/zyntern.com\/blog\/wp-json\/wp\/v2\/posts\/7501\/revisions"}],"predecessor-version":[{"id":7519,"href":"https:\/\/zyntern.com\/blog\/wp-json\/wp\/v2\/posts\/7501\/revisions\/7519"}],"wp:featuredmedia":[{"embeddable":true,"href":"https:\/\/zyntern.com\/blog\/wp-json\/wp\/v2\/media\/7518"}],"wp:attachment":[{"href":"https:\/\/zyntern.com\/blog\/wp-json\/wp\/v2\/media?parent=7501"}],"wp:term":[{"taxonomy":"category","embeddable":true,"href":"https:\/\/zyntern.com\/blog\/wp-json\/wp\/v2\/categories?post=7501"},{"taxonomy":"post_tag","embeddable":true,"href":"https:\/\/zyntern.com\/blog\/wp-json\/wp\/v2\/tags?post=7501"}],"curies":[{"name":"wp","href":"https:\/\/api.w.org\/{rel}","templated":true}]}}